{"id":1277642,"date":"2026-09-03T08:03:25","date_gmt":"2026-09-03T08:03:25","guid":{"rendered":"https:\/\/www.europesays.com\/de\/1277642\/"},"modified":"2026-09-03T08:03:25","modified_gmt":"2026-09-03T08:03:25","slug":"kreuzfahrtriesen-aidanova-und-msc-euribia-am-wochenende-in-kiel-sehen","status":"publish","type":"post","link":"https:\/\/www.europesays.com\/de\/1277642\/","title":{"rendered":"Kreuzfahrtriesen AIDAnova und MSC Euribia am Wochenende in Kiel sehen"},"content":{"rendered":"<p>Kieler Hafen <\/p>\n<p>Zwei Kreuzfahrtriesen kommen fast gleichzeitig<\/p>\n<p>03.09.2026 &#8211; 08:54 UhrLesedauer: 1 Min.<\/p>\n<p><a href=\"#focus-0\" class=\"transition-colors block text-current relative\" data-sctrack=\"FocusGalleryImage.Reference\"><img fetchpriority=\"high\" data-testid=\"Opener.Image\"   loading=\"eager\" src=\"https:\/\/www.europesays.com\/de\/wp-content\/uploads\/2026\/09\/impressionen-von-der-kieler-woche-2025-rathausmarkt-und-kiellinie-impressions-of-kiel-week-2025-rath.jpeg\" alt=\"imago images 0823541335\" title=\"imago images 0823541335\" width=\"5800\" height=\"3263\" class=\"bg-[url:var(--lqipURL)] bg-cover bg-center flex h-full w-full max-w-full\" style=\"--lqipURL:url('https:\/\/images.t-online.de\/2026\/09\/spv3-FqyktyY\/0x298:5800x3263\/fit-in\/150x0\/filters:blur(25)\/impressionen-von-der-kieler-woche-2025-rathausmarkt-und-kiellinie-impressions-of-kiel-week-2025-rathausmarkt-and-kiellinie.jpg')\" decoding=\"async\"\/><img loading=\"lazy\" src=\"https:\/\/www.t-online.de\/s\/paper\/_next\/static\/media\/zoom-in.f7dae02f.svg\" alt=\"Vergr\u00f6\u00dfern des Bildes\" title=\"Vergr\u00f6\u00dfern des Bildes\" class=\"block h-[calc(var(--height)_\/_16_*_1rem)] w-[calc(var(--width)_\/_16_*_1rem)] max-w-none absolute right-8 bottom-8 rounded-4 bg-snow p-8\" style=\"--width:32;--height:32\" decoding=\"async\"\/><\/a><\/p>\n<p>Die AIDAnova im Kieler Hafen (Archivbild): Am Samstag kommt sie gemeinsam mit der MSC Euribia nach Kiel. Beide Schiffe sind jeweils mehr als 330 Meter lang. (Quelle: IMAGO\/Petra Nowack\/imago)<\/p>\n<p><img loading=\"lazy\" src=\"https:\/\/www.t-online.de\/s\/paper\/_next\/static\/media\/audio-volume.6689034c.svg\" alt=\"\" title=\"\" class=\"block h-[calc(var(--height)_\/_16_*_1rem)] w-[calc(var(--width)_\/_16_*_1rem)] max-w-none group-hover:brightness-0 group-hover:invert\" style=\"--width:16;--height:16\" decoding=\"async\"\/>Vorlesen<\/p>\n<p>Aktuelle Zeit:0:00Gesamtdauer:0:00<\/p>\n<p>1x<img loading=\"lazy\" src=\"https:\/\/www.t-online.de\/s\/paper\/_next\/static\/media\/font-sizes.32942e33.svg\" alt=\"\" title=\"\" class=\"block h-[calc(var(--height)_\/_16_*_1rem)] w-[calc(var(--width)_\/_16_*_1rem)] max-w-none group-hover:hidden group-aria-expanded:hidden\" style=\"--width:16;--height:16\" decoding=\"async\"\/><img loading=\"lazy\" src=\"https:\/\/www.t-online.de\/s\/paper\/_next\/static\/media\/font-sizes-dark-mode.e382645c.svg\" alt=\"\" title=\"\" class=\"block h-[calc(var(--height)_\/_16_*_1rem)] w-[calc(var(--width)_\/_16_*_1rem)] max-w-none hidden group-hover:block group-aria-expanded:block\" style=\"--width:16;--height:16\" decoding=\"async\"\/><img loading=\"lazy\" src=\"https:\/\/www.t-online.de\/s\/paper\/_next\/static\/media\/sharing-menu-icon.1eb71368.svg\" alt=\"\" title=\"\" class=\"block h-[calc(var(--height)_\/_16_*_1rem)] w-[calc(var(--width)_\/_16_*_1rem)] max-w-none group-hover:brightness-0 group-hover:invert\" style=\"--width:16;--height:16\" decoding=\"async\"\/>Artikel teilen<\/p>\n<p class=\"font-bold text-18 leading-17 user-text-lg:text-22 user-text-xl:text-24\"><strong class=\"font-bold\">Im Kieler Hafen treffen am Samstag zwei gewaltige Kreuzfahrtschiffe aufeinander. AIDAnova und MSC Euribia sind zusammen fast 670 Meter lang.<\/strong><\/p>\n<p class=\"text-18 leading-17 user-text-lg:text-22 user-text-xl:text-24\">Zwei der gr\u00f6\u00dften Kreuzfahrtschiffe der Kieler Saison laufen am Samstag (5. September) fast zeitgleich die F\u00f6rdestadt an. Mit der &#8222;AIDAnova&#8220; und der &#8222;MSC Euribia&#8220; werden zwei Schiffe erwartet, die jeweils mehr als 330 Meter lang sind.<\/p>\n<p class=\"text-18 leading-17 user-text-lg:text-22 user-text-xl:text-24\">Die &#8222;AIDAnova&#8220; soll laut aktuellem Anlaufplan des Kieler Hafens um 8 Uhr am Ostseekai festmachen. Das 337 Meter lange Schiff kommt aus dem d\u00e4nischen Aarhus und verl\u00e4sst Kiel voraussichtlich um 17 Uhr wieder in Richtung Bergen.<\/p>\n<p class=\"text-18 leading-17 user-text-lg:text-22 user-text-xl:text-24\">Nur eine Stunde sp\u00e4ter folgt die &#8222;MSC Euribia&#8220;. Der 331,4 Meter lange Kreuzfahrtriese soll gegen 9 Uhr im Ostuferhafen einlaufen. Seine Abfahrt nach Kopenhagen ist f\u00fcr 19 Uhr vorgesehen.<\/p>\n<p>Acht Stunden liegen beide Riesen gleichzeitig in Kiel<\/p>\n<p class=\"text-18 leading-17 user-text-lg:text-22 user-text-xl:text-24\">Damit sind beide Schiffe voraussichtlich zwischen 9 und 17 Uhr gleichzeitig in Kiel zu sehen. Zusammengerechnet messen sie 668,4 Meter.<\/p>\n<p class=\"text-18 leading-17 user-text-lg:text-22 user-text-xl:text-24\">Auch bei der Gr\u00f6\u00dfe nach Bruttoraumzahl (BRZ), die das Gesamtvolumen angibt, liegen die beiden Schiffe dicht beieinander: Der Kieler Hafen f\u00fchrt die &#8222;AIDAnova&#8220; mit 183.858 BRZ, die &#8222;MSC Euribia&#8220; mit 184.011 BRZ.<\/p>\n<p class=\"text-18 leading-17 user-text-lg:text-22 user-text-xl:text-24\">Die MSC Euribia geh\u00f6rt seit 2023 zur Flotte von MSC Cruises und bietet Platz f\u00fcr mehrere Tausend G\u00e4ste. Die AIDAnova wurde bereits 2018 in Dienst gestellt und geh\u00f6rt ebenfalls zu den gr\u00f6\u00dften regelm\u00e4\u00dfig in Kiel anlaufenden Kreuzfahrtschiffen.<\/p>\n<p class=\"text-18 leading-17 user-text-lg:text-22 user-text-xl:text-24\">Wer beide Schiffe sehen will, hat daf\u00fcr am Samstag mehrere Stunden Zeit. Die &#8222;AIDAnova&#8220; liegt am Ostseekai, die &#8222;MSC Euribia&#8220; im Ostuferhafen. Die Ankunfts- und Abfahrtszeiten k\u00f6nnen sich kurzfristig noch ver\u00e4ndern.<\/p>\n","protected":false},"excerpt":{"rendered":"Kieler Hafen Zwei Kreuzfahrtriesen kommen fast gleichzeitig 03.09.2026 &#8211; 08:54 UhrLesedauer: 1 Min. Die AIDAnova im Kieler Hafen&hellip;\n","protected":false},"author":2,"featured_media":1277643,"comment_status":"","ping_status":"","sticky":false,"template":"","format":"standard","meta":{"footnotes":"","_share_on_mastodon":"0"},"categories":[1852],"tags":[722,130048,205208,3364,29,548,663,3934,30,13,4949,30915,28563,14,15,6402,12,1971],"class_list":["post-1277642","post","type-post","status-publish","format-standard","has-post-thumbnail","category-kiel","tag-722","tag-aarhus","tag-aidanova","tag-de","tag-deutschland","tag-eu","tag-europa","tag-europe","tag-germany","tag-headlines","tag-kiel","tag-kreuzfahrtriese","tag-kreuzfahrtschiff","tag-nachrichten","tag-news","tag-schiff","tag-schlagzeilen","tag-schleswig-holstein"],"share_on_mastodon":{"url":"","error":""},"_links":{"self":[{"href":"https:\/\/www.europesays.com\/de\/wp-json\/wp\/v2\/posts\/1277642","targetHints":{"allow":["GET"]}}],"collection":[{"href":"https:\/\/www.europesays.com\/de\/wp-json\/wp\/v2\/posts"}],"about":[{"href":"https:\/\/www.europesays.com\/de\/wp-json\/wp\/v2\/types\/post"}],"author":[{"embeddable":true,"href":"https:\/\/www.europesays.com\/de\/wp-json\/wp\/v2\/users\/2"}],"replies":[{"embeddable":true,"href":"https:\/\/www.europesays.com\/de\/wp-json\/wp\/v2\/comments?post=1277642"}],"version-history":[{"count":0,"href":"https:\/\/www.europesays.com\/de\/wp-json\/wp\/v2\/posts\/1277642\/revisions"}],"wp:featuredmedia":[{"embeddable":true,"href":"https:\/\/www.europesays.com\/de\/wp-json\/wp\/v2\/media\/1277643"}],"wp:attachment":[{"href":"https:\/\/www.europesays.com\/de\/wp-json\/wp\/v2\/media?parent=1277642"}],"wp:term":[{"taxonomy":"category","embeddable":true,"href":"https:\/\/www.europesays.com\/de\/wp-json\/wp\/v2\/categories?post=1277642"},{"taxonomy":"post_tag","embeddable":true,"href":"https:\/\/www.europesays.com\/de\/wp-json\/wp\/v2\/tags?post=1277642"}],"curies":[{"name":"wp","href":"https:\/\/api.w.org\/{rel}","templated":true}]}}