{"id":1277646,"date":"2026-09-03T08:05:17","date_gmt":"2026-09-03T08:05:17","guid":{"rendered":"https:\/\/www.europesays.com\/de\/1277646\/"},"modified":"2026-09-03T08:05:17","modified_gmt":"2026-09-03T08:05:17","slug":"braunschweig-15-jahre-wintertheater-neue-stuecke-klassiker-neuauflage","status":"publish","type":"post","link":"https:\/\/www.europesays.com\/de\/1277646\/","title":{"rendered":"Braunschweig: 15 Jahre Wintertheater &#8211; Neue St\u00fccke, Klassiker, Neuauflage"},"content":{"rendered":"<p>Die Braunschweiger Weihnachtsgeschichte ist seit 15 Jahren das Herzst\u00fcck des Wintertheaters. | Foto: Gideon Rothmann<\/p>\n<p class=\"datum\">03.09.2026, 09:26 Uhr<\/p>\n<p><strong>Braunschweig. Vom 6. November bis zum 23. Dezember \u00f6ffnet das Wintertheater an der St. Martinikirche Braunschweig in diesem Jahr seine Pforten. Der Vorverkauf startet am heutigen Mittwoch um 10 Uhr im offiziellen Wintertheater-Ticketshop unter wintertheater.de. Das berichtet Veranstalter Undercover in einer Pressemitteilung.<br \/><\/strong><br \/>\n <\/p>\n<p>Wenn sich im Sp\u00e4therbst die verzierten T\u00fcren des Spiegelzeltes an der St. Martinikirche \u00f6ffnen, wei\u00df ganz Braunschweig: Die gem\u00fctlichste Zeit des Jahres hat begonnen. Dann treffen sich Familien, Freundeskreise und Kolleginnen und Kollegen auf dem festlich geschm\u00fcckten Vorplatz, im Zelt wird gelacht, mitgesungen, angesto\u00dfen und f\u00fcr ein paar Stunden r\u00fcckt der Alltag ganz weit weg.<\/p>\n<p>Besonderer Grund zum Feiern<\/p>\n<p>In diesem Jahr gibt es einen besonderen Grund zum Feiern: Seit 2011 verzaubert das Wintertheater sein Publikum und l\u00e4dt in jeder Spielzeit zu eigenen Produktionen und wechselnden Gastspielen ein. Nun blickt Braunschweig auf 15 Jahre Wintertheater. Was einst als gemeinsame Idee der Veranstalter Undercover und monofon begann, ist l\u00e4ngst zu einer hei\u00df geliebten Braunschweiger Institution und zum kulturellen Herzst\u00fcck der hiesigen Adventszeit geworden. <\/p>\n<p><a href=\"https:\/\/cdn.regionalheute.de\/images\/2026\/8\/1000\/9abe80176eaa41509b4accfec06c1ce8.jpg\" target=\"_new\" rel=\"nofollow noopener\"><img decoding=\"async\" src=\"https:\/\/www.europesays.com\/de\/wp-content\/uploads\/2026\/09\/9abe80176eaa41509b4accfec06c1ce8.jpg\" loading=\"lazy\" alt=\"\" ox=\"\" esel=\"\" ist=\"\" nicht=\"\" nur=\"\" spa=\"\" f=\"\" kinder.=\"\"\/><\/a><br \/>&#8222;Ox &amp; Esel&#8220; ist nicht nur Spa\u00df f\u00fcr Kinder. Foto: \u00fcber Undercover<\/p>\n<p>Das Wintertheater steht f\u00fcr Geschichten mit Herz, Haltung und Humor, die Menschen zusammenbringen, und f\u00fcr ein ganz besonderes \u201eBrunswieker\u201c Weihnachtsgef\u00fchl: den Gl\u00fchwein auf dem winterlichen Vorplatz, das Wiedersehen mit Harfen Agnes, kr\u00e4ftiges Mitsingen, herzhaftes Lachen und das heimelige Gef\u00fchl im Spiegelzelt unter dem roten Baldachin. Aus einzelnen Vorstellungen sind Traditionen geworden, aus Besuchenden treue Wegbegleiterinnen und Wegbegleiter.<\/p>\n<p>Blick zur\u00fcck und nach vorn<\/p>\n<p>Zum 15. Geburtstag pr\u00e4sentiert das Wintertheater ein Programm, das gleicherma\u00dfen zur\u00fcckblickt und nach vorn schaut. Rund 60 Vorstellungen bringen beliebte Klassiker, gefeierte Gastspiele, musikalische Abende und neue Geschichten auf die B\u00fchne des Spiegelzeltes. <\/p>\n<p>\n<strong>Der Weihnachtsklassiker:<\/strong> Nat\u00fcrlich darf die Braunschweiger Weihnachtsgeschichte im Jubil\u00e4umsjahr nicht fehlen. Die Geschichte von Maria und Josef, die im verschneiten \u201eBrunswiek\u201c landen, geh\u00f6rt f\u00fcr viele l\u00e4ngst fest zur Adventszeit.<\/p>\n<p><strong>F\u00fcr die ganze Familie:<\/strong> Mit &#8222;Ox &amp; Esel&#8220; und dem neuen St\u00fcck &#8222;Herr Eichhorn und der erste Schnee&#8220; warten zwei liebevoll inszenierte Produktionen auf kleine und gro\u00dfe Theaterfans. Warmherzig und fantasievoll.<\/p>\n<p><strong>Die himmlische Premiere:<\/strong> Mit &#8222;Engel&#8220; kommt ein brandneues St\u00fcck von Christian Eitner auf die B\u00fchne. Ein Popstar am Abgrund, drei Engel mit h\u00f6chst unterschiedlichen Vorstellungen von himmlischer Hilfe \u2013 und jede Menge Musik.<\/p>\n<p><strong>Die Spiegelzelt-Alternative zur Firmenfeier:<\/strong> &#8222;Die Weihnachtsfeier&#8220; kehrt mit neuer Besetzung zur\u00fcck ins Programm. Hier darf das Publikum ganz entspannt zusehen, wie diese v\u00f6llig aus dem Ruder l\u00e4uft \u2013 mit Fettn\u00e4pfchen-Garantie.<\/p>\n<p><a href=\"https:\/\/cdn.regionalheute.de\/images\/2026\/8\/1000\/bf8fd6ebaa5648368f4b567c6ec07516.jpg\" target=\"_new\" rel=\"nofollow noopener\"><img decoding=\"async\" src=\"https:\/\/www.europesays.com\/de\/wp-content\/uploads\/2026\/09\/bf8fd6ebaa5648368f4b567c6ec07516.jpg\" loading=\"lazy\" alt=\"Die Bingo Boys machen sich in diesem Jahr rar.\"\/><\/a><br \/>Die Bingo Boys machen sich in diesem Jahr rar. Foto: Stephan Weiss<\/p>\n<p><strong>Die \u00fcberraschenden Kultformate:<\/strong> &#8222;Winterklater&#8220; und &#8222;The Bingo Boys&#8220; stehen f\u00fcr genau die Mischung aus Musik, Witz und spontanen Momenten, die das Wintertheater seit Jahren pr\u00e4gt. In diesem Jahr allerdings an nur wenigen exklusiven Terminen.<\/p>\n<p><strong>Die gefeierten Gastspiele:<\/strong> Mit Udo J\u00fcrgens\u2026 Unvergessen! und Funky Xmas kehren zwei Publikumslieblinge des vergangenen Jahres ins Spiegelzelt zur\u00fcck. Bei Santa Mahoin treffen weihnachtliche Kl\u00e4nge auf Shanty-Lieder und kr\u00e4ftigen nordischen R\u00fcckenwind.<\/p>\n<p>Abseits der B\u00fchne<\/p>\n<p>Auch abseits der B\u00fchne bleibt alles so stimmungsvoll, wie es Wintertheater-Fans seit 15 Jahren lieben. Auf dem Vorplatz und im festlich geschm\u00fcckten Spiegelzelt sorgt das Team mit hei\u00dfen Getr\u00e4nken, winterlichen Leckereien und viel Herzlichkeit f\u00fcr die besondere Wohlf\u00fchlatmosph\u00e4re. Wer den Besuch noch ein wenig festlicher machen m\u00f6chte, kann ihn au\u00dferdem mit ausgew\u00e4hlten Extras abrunden \u2013 etwa mit einem kleinen oder gro\u00dfen Weinpaket f\u00fcr die Loge oder, wie bereits im vergangenen Jahr, mit dem beliebten Vielharmonie-Men\u00fc.<\/p>\n<p>Der offizielle Vorverkauf f\u00fcr das Wintertheater startet am 3. September 2026 um 10 Uhr. Tickets sind im offiziellen Ticketshop unter <a class=\"redlink\" href=\"https:\/\/www.wintertheater.de\/\" rel=\"nofollow noopener\" target=\"_blank\">wintertheater.de<\/a>, telefonisch unter 0531 310 55 0 und an der Konzertkasse erh\u00e4ltlich.<\/p>\n","protected":false},"excerpt":{"rendered":"Die Braunschweiger Weihnachtsgeschichte ist seit 15 Jahren das Herzst\u00fcck des Wintertheaters. | Foto: Gideon Rothmann 03.09.2026, 09:26 Uhr&hellip;\n","protected":false},"author":2,"featured_media":1277647,"comment_status":"","ping_status":"","sticky":false,"template":"","format":"standard","meta":{"footnotes":"","_share_on_mastodon":"0"},"categories":[1850],"tags":[6429,3364,29,548,663,3934,30,13,14,15,1411,12],"class_list":["post-1277646","post","type-post","status-publish","format-standard","has-post-thumbnail","category-braunschweig","tag-braunschweig","tag-de","tag-deutschland","tag-eu","tag-europa","tag-europe","tag-germany","tag-headlines","tag-nachrichten","tag-news","tag-niedersachsen","tag-schlagzeilen"],"share_on_mastodon":{"url":"https:\/\/pubeurope.com\/@de\/117206078616368810","error":""},"_links":{"self":[{"href":"https:\/\/www.europesays.com\/de\/wp-json\/wp\/v2\/posts\/1277646","targetHints":{"allow":["GET"]}}],"collection":[{"href":"https:\/\/www.europesays.com\/de\/wp-json\/wp\/v2\/posts"}],"about":[{"href":"https:\/\/www.europesays.com\/de\/wp-json\/wp\/v2\/types\/post"}],"author":[{"embeddable":true,"href":"https:\/\/www.europesays.com\/de\/wp-json\/wp\/v2\/users\/2"}],"replies":[{"embeddable":true,"href":"https:\/\/www.europesays.com\/de\/wp-json\/wp\/v2\/comments?post=1277646"}],"version-history":[{"count":0,"href":"https:\/\/www.europesays.com\/de\/wp-json\/wp\/v2\/posts\/1277646\/revisions"}],"wp:featuredmedia":[{"embeddable":true,"href":"https:\/\/www.europesays.com\/de\/wp-json\/wp\/v2\/media\/1277647"}],"wp:attachment":[{"href":"https:\/\/www.europesays.com\/de\/wp-json\/wp\/v2\/media?parent=1277646"}],"wp:term":[{"taxonomy":"category","embeddable":true,"href":"https:\/\/www.europesays.com\/de\/wp-json\/wp\/v2\/categories?post=1277646"},{"taxonomy":"post_tag","embeddable":true,"href":"https:\/\/www.europesays.com\/de\/wp-json\/wp\/v2\/tags?post=1277646"}],"curies":[{"name":"wp","href":"https:\/\/api.w.org\/{rel}","templated":true}]}}