{"id":1277650,"date":"2026-09-03T08:07:19","date_gmt":"2026-09-03T08:07:19","guid":{"rendered":"https:\/\/www.europesays.com\/de\/1277650\/"},"modified":"2026-09-03T08:07:19","modified_gmt":"2026-09-03T08:07:19","slug":"bundesweiter-warntag-am-10-september-sirenen-heulen","status":"publish","type":"post","link":"https:\/\/www.europesays.com\/de\/1277650\/","title":{"rendered":"Bundesweiter Warntag am 10. September: Sirenen heulen"},"content":{"rendered":"<p><a title=\"Sirenen f\u00fcr den Bev\u00f6lkerungsschutz in Gladbeck\" href=\"https:\/\/neue-gladbecker-zeitung.de\/bundesweiter-warntag-am-10-september-sirenen-heulen\/sirenen-fuer-den-bevoelkerungsschutz-in-gladbeck_ergebnis\/\" rel=\"nofollow noopener\" target=\"_blank\"><img fetchpriority=\"high\" width=\"678\" height=\"381\" src=\"https:\/\/www.europesays.com\/de\/wp-content\/uploads\/2026\/09\/Sirenen-fuer-den-Bevoelkerungsschutz-in-Gladbeck_ergebnis.webp\" class=\"attachment-mh-magazine-content size-mh-magazine-content wp-post-image\" alt=\"Unterschiedliche Sirenentypen f\u00fcr die Warnung der Bev\u00f6lkerung\" title=\"Sirenen f\u00fcr den Bev\u00f6lkerungsschutz in Gladbeck\" loading=\"eager\" decoding=\"async\"  \/><\/a><br \/>\nUnterschiedliche Sirenentypen werden zur Warnung der Bev\u00f6lkerung eingesetzt. Foto: Kreis Recklinghausen \/ Stadt Gladbeck<\/p>\n<p><strong>Am Donnerstag, 10. September, werden in Deutschland die Warnsysteme getestet. Auch im Kreis Recklinghausen ert\u00f6nen um 11 Uhr die Sirenen. Zus\u00e4tzlich werden Probe-Warnungen \u00fcber die Warn-App NINA und Cell Broadcast verschickt.<\/strong><\/p>\n<p><strong>Gladbeck \u2013 03.09.2026 \u2013\u00a0<\/strong>Der bundesweite Warntag soll die technischen Warnsysteme \u00fcberpr\u00fcfen und die Bev\u00f6lkerung mit den verschiedenen Warnm\u00f6glichkeiten vertraut machen. F\u00fcr die B\u00fcrgerinnen und B\u00fcrger ist der Probealarm eine Gelegenheit, die Sirenensignale kennenzulernen und sich mit dem richtigen Verhalten im Ernstfall zu besch\u00e4ftigen.<\/p>\n<p>&gt;&gt;&gt; <strong>Den NGZ-Newsletter:<\/strong>\u00a0<a href=\"https:\/\/neue-gladbecker-zeitung.de\/newsletter-der-ngz\/\" target=\"_blank\" rel=\"noopener nofollow\" data-category-full-path=\"\/staedte\/gladbeck\/\" data-paid-status=\"free\" data-article-publish-date=\"1595937600\">hier gratis abonnieren<\/a>\u00a0|\u00a0<strong>Folgen Sie uns<\/strong>\u00a0<strong>auch<\/strong>\u00a0auf\u00a0<a href=\"https:\/\/www.facebook.com\/NeueGladbeckerZeitung\/\" target=\"_blank\" rel=\"noopener nofollow\">Facebook<\/a>\u00a0und auf\u00a0<a href=\"https:\/\/www.instagram.com\/neuegladbeckerzeitung\/\" target=\"_blank\" rel=\"noopener nofollow\">Instagram<\/a>\u00a0|<br \/><strong>Hier erhalten Sie alle Nachrichten sofort im<\/strong>\u00a0<a href=\"https:\/\/whatsapp.com\/channel\/0029VaAJZdH8F2pIH21PF72X\" target=\"_blank\" rel=\"noopener nofollow\">WhatsApp-Kanal<\/a> | Unsere: <a href=\"https:\/\/neue-gladbecker-zeitung.de\/blaulicht\/\" target=\"_blank\" rel=\"noopener nofollow\">Polizei- und Feuerwehrartikel<\/a> &lt;&lt;&lt;<\/p>\n<p>Sirenen ert\u00f6nen am 10. September um 11 Uhr<\/p>\n<p>Die Sirenen im Kreis Recklinghausen werden von der Kreisleitstelle ausgel\u00f6st. Am Warntag sind drei Signale vorgesehen. Zwischen den einzelnen T\u00f6nen liegen jeweils f\u00fcnf Minuten.<\/p>\n<p>Den Anfang macht um 11 Uhr das Signal \u201eEntwarnung\u201c mit einem einmin\u00fctigen, ununterbrochenen Heulton. Danach folgt das Signal \u201eWarnung\u201c: ein einmin\u00fctiger, auf- und abschwellender Heulton. Zum Abschluss ert\u00f6nt erneut ein einmin\u00fctiger Dauerton als \u201eEntwarnung\u201c.<\/p>\n<p>Die Sirenensignale sollen vor allem im Ernstfall schnell auf eine Gefahr aufmerksam machen. Die NGZ hatte bereits \u00fcber <a href=\"https:\/\/neue-gladbecker-zeitung.de\/sirenenprobe-und-warnmeldungen-am-11-september\/\" rel=\"nofollow noopener\" target=\"_blank\">einen fr\u00fcheren bundesweiten Warntag mit Sirenenprobe<\/a> berichtet.<\/p>\n<p>Warnung kommt auch aufs Smartphone<\/p>\n<p>Neben den Sirenen testet der Bund am 10. September weitere Warnwege. Dazu geh\u00f6rt die Warn-App NINA. \u00dcber die App lassen sich neben der eigentlichen Warnung auch zus\u00e4tzliche Informationen, Verhaltensempfehlungen und Hinweise auf weiterf\u00fchrende Angebote verbreiten.<\/p>\n<p>Auch Cell Broadcast kommt zum Einsatz. Dabei wird eine Warnmeldung direkt an geeignete Mobiltelefone im jeweiligen Mobilfunkbereich gesendet. Eine App ist daf\u00fcr nicht erforderlich. Das Bundesamt f\u00fcr Bev\u00f6lkerungsschutz und Katastrophenhilfe informiert ausf\u00fchrlich \u00fcber <a href=\"https:\/\/www.bbk.bund.de\/DE\/Warnung-Vorsorge\/Warnung-in-Deutschland\/So-werden-Sie-gewarnt\/Cell-Broadcast\/cell-broadcast_node.html\" rel=\"nofollow noopener\" target=\"_blank\">Cell Broadcast als Warnmittel<\/a>.<\/p>\n<p>Inzwischen kann \u00fcber Cell Broadcast auch eine Entwarnung verschickt werden. Diese Funktion wurde Ende 2025 eingef\u00fchrt. :contentReference[oaicite:1]{index=1}<\/p>\n<p>Was bedeutet das Sirenensignal \u201eWarnung\u201c?<\/p>\n<p>Im Ernstfall bedeutet der auf- und abschwellende Heulton: Es besteht Gefahr. Dann sollten B\u00fcrgerinnen und B\u00fcrger geschlossene R\u00e4ume aufsuchen sowie Fenster und T\u00fcren schlie\u00dfen. L\u00fcftungsanlagen sollten ausgeschaltet sein.<\/p>\n<p>Au\u00dferdem sollte man das Radio einschalten und auf weitere Informationen achten. Erg\u00e4nzend k\u00f6nnen Sie offizielle Internetseiten und Warn-Apps nutzen. Auch Lautsprecherdurchsagen von Feuerwehr oder Polizei sind zu beachten.<\/p>\n<p>Die Notrufnummern 110 und 112 sollte man nur bei tats\u00e4chlichen Notf\u00e4llen w\u00e4hlen.<\/p>\n<p>Am 10. September handelt es sich allerdings ausschlie\u00dflich um einen Probealarm. Die genannten Schutzma\u00dfnahmen sind deshalb w\u00e4hrend der Sirenenprobe nicht erforderlich.<\/p>\n<p>Sirenenstandorte im Kreis Recklinghausen<\/p>\n<p>Wer wissen m\u00f6chte, wo sich Sirenen im Kreis Recklinghausen befinden, kann die Standorte im Regioplaner einsehen. Dazu werden unter \u201eKarten\u201c die Bereiche \u201eService\u201c, \u201eBev\u00f6lkerungsschutz\u201c und anschlie\u00dfend \u201eSirenenstandorte\u201c ausgew\u00e4hlt.<\/p>\n<p>Auch die NGZ hat bereits \u00fcber <a href=\"https:\/\/neue-gladbecker-zeitung.de\/sirenenprobe-und-warnmeldungen-am-12-september-in-gladbeck\/\" rel=\"nofollow noopener\" target=\"_blank\">fr\u00fchere Sirenenproben in Gladbeck<\/a> berichtet. Weitere Informationen zum Verhalten in Krisensituationen gibt es zudem im NGZ-Beitrag \u00fcber <a href=\"https:\/\/neue-gladbecker-zeitung.de\/selbstschutztipps-fuer-krisensituationen-leicht-erklaert\/\" rel=\"nofollow noopener\" target=\"_blank\">Selbstschutztipps f\u00fcr Krisensituationen<\/a>.<\/p>\n<p><strong>Textvorlage: <a href=\"https:\/\/www.kreis-re.de\" target=\"_blank\" rel=\"noopener nofollow\">Kreis RE<\/a><\/strong><\/p>\n<p><a style=\"color: #ff0000;\" href=\"https:\/\/neue-gladbecker-zeitung.de\" rel=\"nofollow noopener\" target=\"_blank\">Zur Startseite<\/a><\/p>\n<p>\t<script async src=\"\/\/www.instagram.com\/embed.js\"><\/script><\/p>\n","protected":false},"excerpt":{"rendered":"Unterschiedliche Sirenentypen werden zur Warnung der Bev\u00f6lkerung eingesetzt. Foto: Kreis Recklinghausen \/ Stadt Gladbeck Am Donnerstag, 10. September,&hellip;\n","protected":false},"author":2,"featured_media":1277651,"comment_status":"","ping_status":"","sticky":false,"template":"","format":"standard","meta":{"footnotes":"","_share_on_mastodon":"0"},"categories":[1848],"tags":[15088,261488,108753,3364,29,548,663,3934,3658,30,17275,13,17276,14,15,40642,1209,12,37779,107648],"class_list":["post-1277650","post","type-post","status-publish","format-standard","has-post-thumbnail","category-gelsenkirchen","tag-bevoelkerungsschutz","tag-bundesweiter-warntag","tag-cell-broadcast","tag-de","tag-deutschland","tag-eu","tag-europa","tag-europe","tag-gelsenkirchen","tag-germany","tag-gladbeck","tag-headlines","tag-kreis-recklinghausen","tag-nachrichten","tag-news","tag-nina","tag-nordrhein-westfalen","tag-schlagzeilen","tag-sirenen","tag-sirenenprobe"],"share_on_mastodon":{"url":"https:\/\/pubeurope.com\/@de\/117206086026585852","error":""},"_links":{"self":[{"href":"https:\/\/www.europesays.com\/de\/wp-json\/wp\/v2\/posts\/1277650","targetHints":{"allow":["GET"]}}],"collection":[{"href":"https:\/\/www.europesays.com\/de\/wp-json\/wp\/v2\/posts"}],"about":[{"href":"https:\/\/www.europesays.com\/de\/wp-json\/wp\/v2\/types\/post"}],"author":[{"embeddable":true,"href":"https:\/\/www.europesays.com\/de\/wp-json\/wp\/v2\/users\/2"}],"replies":[{"embeddable":true,"href":"https:\/\/www.europesays.com\/de\/wp-json\/wp\/v2\/comments?post=1277650"}],"version-history":[{"count":0,"href":"https:\/\/www.europesays.com\/de\/wp-json\/wp\/v2\/posts\/1277650\/revisions"}],"wp:featuredmedia":[{"embeddable":true,"href":"https:\/\/www.europesays.com\/de\/wp-json\/wp\/v2\/media\/1277651"}],"wp:attachment":[{"href":"https:\/\/www.europesays.com\/de\/wp-json\/wp\/v2\/media?parent=1277650"}],"wp:term":[{"taxonomy":"category","embeddable":true,"href":"https:\/\/www.europesays.com\/de\/wp-json\/wp\/v2\/categories?post=1277650"},{"taxonomy":"post_tag","embeddable":true,"href":"https:\/\/www.europesays.com\/de\/wp-json\/wp\/v2\/tags?post=1277650"}],"curies":[{"name":"wp","href":"https:\/\/api.w.org\/{rel}","templated":true}]}}