{"id":1277655,"date":"2026-09-03T08:10:12","date_gmt":"2026-09-03T08:10:12","guid":{"rendered":"https:\/\/www.europesays.com\/de\/1277655\/"},"modified":"2026-09-03T08:10:12","modified_gmt":"2026-09-03T08:10:12","slug":"diebstahl-am-hauptbahnhof-mannheim","status":"publish","type":"post","link":"https:\/\/www.europesays.com\/de\/1277655\/","title":{"rendered":"Diebstahl am Hauptbahnhof &#8211; Mannheim"},"content":{"rendered":"<p>Nach einem vollendeten und zwei versuchten Diebst\u00e4hlen am Mannheimer Hauptbahnhof sucht die Polizei weitere Gesch\u00e4digte und Zeugen einer m\u00f6glichen Diebstahlserie. Die Vorf\u00e4lle ereigneten sich am Samstagnachmittag. Laut Mitteilung der <a class=\"rtr-entity\" data-rtr-entity=\"Bundespolizei\" data-rtr-id=\"80d963170b5df647eadbbe3b45e1a1f661ec57c8\" data-rtr-score=\"26.175363098440023\" data-rtr-etype=\"organisation\" data-rtr-index=\"1\" href=\"https:\/\/www.rheinpfalz.de\/themen\/bundespolizei\" rel=\"nofollow noopener\" target=\"_blank\">Bundespolizei<\/a> wurde gegen 16.25 Uhr einem 61 Jahre alten Mann beim Einsteigen in die S6 an Gleis 12 der Geldbeutel aus der Bauchtasche gestohlen. Videoaufnahmen zeigten, dass sich w\u00e4hrend des mutma\u00dflichen Diebstahls eine verd\u00e4chtige Person dicht hinter ihm aufgehalten habe, schreibt die Polizei. Mehr noch: Die Beamten gehen aufgrund der Aufnahmen davon aus, dass die Verd\u00e4chtige kurz darauf zwei weitere Frauen bestohlen haben k\u00f6nnte.<\/p>\n<p>Weiter schreibt die Polizei, dass die Verd\u00e4chtige um 16.32 Uhr an Gleis 11 zweimal versucht haben soll, einer wartenden Frau in den Rucksack zu greifen. Die Polizei sucht nach dieser Zeugin. Sie trug zu dem Zeitpunkt einen gemusterten, hellen Rock und ein T-Shirt und hatte einen braunen Rucksack dabei. Eine Minute sp\u00e4ter habe die Verd\u00e4chtige auf der Rolltreppe zum Fu\u00dfg\u00e4ngertunnel zwischen den Gleisen 11 und 12 versucht, von hinten in den Rucksack einer weiteren Frau zu greifen. Diese habe den Versuch aber bemerkt und sich umgedreht. Auch sie k\u00f6nnte die Polizei als Zeugin brauchen. Sie trug eine braune Hose und ein helles, gemustertes Oberteil. Neben ihrem Rucksack hatte sie eine auff\u00e4llige orangefarbene Tasche dabei.<\/p>\n<p>Die Bundespolizei ermittelt wegen Diebstahls und versuchten Diebstahls. Die Tatverd\u00e4chtige sei etwa 40 bis 45 Jahre alt und habe eine kr\u00e4ftige Statur, habe zur Tatzeit zun\u00e4chst eine helle Hose und ein gestreiftes T-Shirt getragen, sp\u00e4ter ein helles Shirt und eine helle Jacke. Sie habe einen dunklen Rucksack und eine dunkle Umh\u00e4ngetasche dabei gehabt. Zeugen und die erw\u00e4hnten Gesch\u00e4digten werden gebeten, sich unter 0721 120160 zu melden.\u00a0<img decoding=\"async\" src=\"https:\/\/www.rheinpfalz.de\/pu_rhp\/images\/rheinpfalz-r-logo.svg\" alt=\"\"\/><\/p>\n","protected":false},"excerpt":{"rendered":"Nach einem vollendeten und zwei versuchten Diebst\u00e4hlen am Mannheimer Hauptbahnhof sucht die Polizei weitere Gesch\u00e4digte und Zeugen einer&hellip;\n","protected":false},"author":2,"featured_media":1277656,"comment_status":"","ping_status":"","sticky":false,"template":"","format":"standard","meta":{"footnotes":"","_share_on_mastodon":"0"},"categories":[1845],"tags":[1634,421,3364,29,1686,548,663,3934,30,3601,13,2096,14,15,121,12,111899],"class_list":["post-1277655","post","type-post","status-publish","format-standard","has-post-thumbnail","category-mannheim","tag-baden-wuerttemberg","tag-bundespolizei","tag-de","tag-deutschland","tag-diebstahl","tag-eu","tag-europa","tag-europe","tag-germany","tag-hauptbahnhof","tag-headlines","tag-mannheim","tag-nachrichten","tag-news","tag-polizei","tag-schlagzeilen","tag-web"],"share_on_mastodon":{"url":"https:\/\/pubeurope.com\/@de\/117206099593977835","error":""},"_links":{"self":[{"href":"https:\/\/www.europesays.com\/de\/wp-json\/wp\/v2\/posts\/1277655","targetHints":{"allow":["GET"]}}],"collection":[{"href":"https:\/\/www.europesays.com\/de\/wp-json\/wp\/v2\/posts"}],"about":[{"href":"https:\/\/www.europesays.com\/de\/wp-json\/wp\/v2\/types\/post"}],"author":[{"embeddable":true,"href":"https:\/\/www.europesays.com\/de\/wp-json\/wp\/v2\/users\/2"}],"replies":[{"embeddable":true,"href":"https:\/\/www.europesays.com\/de\/wp-json\/wp\/v2\/comments?post=1277655"}],"version-history":[{"count":0,"href":"https:\/\/www.europesays.com\/de\/wp-json\/wp\/v2\/posts\/1277655\/revisions"}],"wp:featuredmedia":[{"embeddable":true,"href":"https:\/\/www.europesays.com\/de\/wp-json\/wp\/v2\/media\/1277656"}],"wp:attachment":[{"href":"https:\/\/www.europesays.com\/de\/wp-json\/wp\/v2\/media?parent=1277655"}],"wp:term":[{"taxonomy":"category","embeddable":true,"href":"https:\/\/www.europesays.com\/de\/wp-json\/wp\/v2\/categories?post=1277655"},{"taxonomy":"post_tag","embeddable":true,"href":"https:\/\/www.europesays.com\/de\/wp-json\/wp\/v2\/tags?post=1277655"}],"curies":[{"name":"wp","href":"https:\/\/api.w.org\/{rel}","templated":true}]}}