{"id":1277659,"date":"2026-09-03T08:12:14","date_gmt":"2026-09-03T08:12:14","guid":{"rendered":"https:\/\/www.europesays.com\/de\/1277659\/"},"modified":"2026-09-03T08:12:14","modified_gmt":"2026-09-03T08:12:14","slug":"schon-ab-freitag-ersatzbusse-statt-re1-zwischen-pforzheim-und-karlsruhe-region","status":"publish","type":"post","link":"https:\/\/www.europesays.com\/de\/1277659\/","title":{"rendered":"Schon ab Freitag: Ersatzbusse statt RE1 zwischen Pforzheim und Karlsruhe &#8211; Region"},"content":{"rendered":"<p>Pforzheim\/Enzkreis. Zwischen M\u00fchlacker und Wilferdingen-Singen f\u00fchrt die DB vom 4. bis 11. September Bauarbeiten durch. Der RE1 kann in dieser Zeit nicht fahren. Was das f\u00fcr Pforzheim und den Enzkreis bedeutet.<\/p>\n<p>In dieser Zeit fahren zwischen Karlsruhe und Pforzheim Ersatzbusse. \u201eEs gibt zus\u00e4tzlich noch zwischen Bruchsal und Karlsruhe-Durlach Bauarbeiten mit<\/p>\n","protected":false},"excerpt":{"rendered":"Pforzheim\/Enzkreis. Zwischen M\u00fchlacker und Wilferdingen-Singen f\u00fchrt die DB vom 4. bis 11. September Bauarbeiten durch. Der RE1 kann&hellip;\n","protected":false},"author":2,"featured_media":1277660,"comment_status":"","ping_status":"","sticky":false,"template":"","format":"standard","meta":{"footnotes":"","_share_on_mastodon":"0"},"categories":[1844],"tags":[1634,3364,29,76933,30,8903,10469,2080],"class_list":["post-1277659","post","type-post","status-publish","format-standard","has-post-thumbnail","category-karlsruhe","tag-baden-wuerttemberg","tag-de","tag-deutschland","tag-enzkreis","tag-germany","tag-karlsruhe","tag-pforzheim","tag-zugausfaelle"],"share_on_mastodon":{"url":"https:\/\/pubeurope.com\/@de\/117206106125564365","error":""},"_links":{"self":[{"href":"https:\/\/www.europesays.com\/de\/wp-json\/wp\/v2\/posts\/1277659","targetHints":{"allow":["GET"]}}],"collection":[{"href":"https:\/\/www.europesays.com\/de\/wp-json\/wp\/v2\/posts"}],"about":[{"href":"https:\/\/www.europesays.com\/de\/wp-json\/wp\/v2\/types\/post"}],"author":[{"embeddable":true,"href":"https:\/\/www.europesays.com\/de\/wp-json\/wp\/v2\/users\/2"}],"replies":[{"embeddable":true,"href":"https:\/\/www.europesays.com\/de\/wp-json\/wp\/v2\/comments?post=1277659"}],"version-history":[{"count":0,"href":"https:\/\/www.europesays.com\/de\/wp-json\/wp\/v2\/posts\/1277659\/revisions"}],"wp:featuredmedia":[{"embeddable":true,"href":"https:\/\/www.europesays.com\/de\/wp-json\/wp\/v2\/media\/1277660"}],"wp:attachment":[{"href":"https:\/\/www.europesays.com\/de\/wp-json\/wp\/v2\/media?parent=1277659"}],"wp:term":[{"taxonomy":"category","embeddable":true,"href":"https:\/\/www.europesays.com\/de\/wp-json\/wp\/v2\/categories?post=1277659"},{"taxonomy":"post_tag","embeddable":true,"href":"https:\/\/www.europesays.com\/de\/wp-json\/wp\/v2\/tags?post=1277659"}],"curies":[{"name":"wp","href":"https:\/\/api.w.org\/{rel}","templated":true}]}}