{"id":1277665,"date":"2026-09-03T08:16:22","date_gmt":"2026-09-03T08:16:22","guid":{"rendered":"https:\/\/www.europesays.com\/de\/1277665\/"},"modified":"2026-09-03T08:16:22","modified_gmt":"2026-09-03T08:16:22","slug":"spaeterer-saisonstart-2027-bielefelder-freibad-wird-saniert","status":"publish","type":"post","link":"https:\/\/www.europesays.com\/de\/1277665\/","title":{"rendered":"Sp\u00e4terer Saisonstart 2027: Bielefelder Freibad wird saniert"},"content":{"rendered":"<p>Im Freibad Schr\u00f6ttinghausen stehen im n\u00e4chsten Sommer Sanierungsarbeiten an. Die Filteranlage ist in die Jahre gekommen und k\u00e4mpft mit Rostsch\u00e4den und Dichtigkeitsproblemen, teilten die Bielefelder B\u00e4der mit. Die Er\u00f6ffnung 2027 wird sich vermutlich etwas verz\u00f6gern. Die Sanierungskosten werden auf 1,4 Millionen Euro gesch\u00e4tzt, der F\u00f6rderverein in Schr\u00f6ttinghausen \u00fcbernimmt davon 450.000 Euro.<\/p>\n","protected":false},"excerpt":{"rendered":"Im Freibad Schr\u00f6ttinghausen stehen im n\u00e4chsten Sommer Sanierungsarbeiten an. Die Filteranlage ist in die Jahre gekommen und k\u00e4mpft&hellip;\n","protected":false},"author":2,"featured_media":1277666,"comment_status":"","ping_status":"","sticky":false,"template":"","format":"standard","meta":{"footnotes":"","_share_on_mastodon":"0"},"categories":[1841],"tags":[1605,3364,29,30,1209],"class_list":["post-1277665","post","type-post","status-publish","format-standard","has-post-thumbnail","category-bielefeld","tag-bielefeld","tag-de","tag-deutschland","tag-germany","tag-nordrhein-westfalen"],"share_on_mastodon":{"url":"https:\/\/pubeurope.com\/@de\/117206121722676673","error":""},"_links":{"self":[{"href":"https:\/\/www.europesays.com\/de\/wp-json\/wp\/v2\/posts\/1277665","targetHints":{"allow":["GET"]}}],"collection":[{"href":"https:\/\/www.europesays.com\/de\/wp-json\/wp\/v2\/posts"}],"about":[{"href":"https:\/\/www.europesays.com\/de\/wp-json\/wp\/v2\/types\/post"}],"author":[{"embeddable":true,"href":"https:\/\/www.europesays.com\/de\/wp-json\/wp\/v2\/users\/2"}],"replies":[{"embeddable":true,"href":"https:\/\/www.europesays.com\/de\/wp-json\/wp\/v2\/comments?post=1277665"}],"version-history":[{"count":0,"href":"https:\/\/www.europesays.com\/de\/wp-json\/wp\/v2\/posts\/1277665\/revisions"}],"wp:featuredmedia":[{"embeddable":true,"href":"https:\/\/www.europesays.com\/de\/wp-json\/wp\/v2\/media\/1277666"}],"wp:attachment":[{"href":"https:\/\/www.europesays.com\/de\/wp-json\/wp\/v2\/media?parent=1277665"}],"wp:term":[{"taxonomy":"category","embeddable":true,"href":"https:\/\/www.europesays.com\/de\/wp-json\/wp\/v2\/categories?post=1277665"},{"taxonomy":"post_tag","embeddable":true,"href":"https:\/\/www.europesays.com\/de\/wp-json\/wp\/v2\/tags?post=1277665"}],"curies":[{"name":"wp","href":"https:\/\/api.w.org\/{rel}","templated":true}]}}