{"id":1277667,"date":"2026-09-03T08:17:17","date_gmt":"2026-09-03T08:17:17","guid":{"rendered":"https:\/\/www.europesays.com\/de\/1277667\/"},"modified":"2026-09-03T08:17:17","modified_gmt":"2026-09-03T08:17:17","slug":"karlsruhe-bgh-klaert-sampling-streit-um-kraftwerk-beat","status":"publish","type":"post","link":"https:\/\/www.europesays.com\/de\/1277667\/","title":{"rendered":"Karlsruhe | BGH kl\u00e4rt Sampling-Streit um Kraftwerk-Beat"},"content":{"rendered":"<p>Karlsruhe (dpa) &#8211; Im fast 30 Jahre langen Sampling-Streit mit den Elektro-Pionieren der Band Kraftwerk hat Hip-Hop-Produzent Moses Pelham am Bundesgerichtshof (BGH) einen Teilerfolg erzielt. Seit einer Gesetzes\u00e4nderung im Jahr 2021 sei die \u00dcbernahme einer zwei Sekunden langen Tonsequenz aus der Kraftwerk-Tonaufnahme \u00abMetall auf Metall\u00bb im Wege des Samplings als sogenanntes Pastiche zul\u00e4ssig, entschied der Bundesgerichtshof (BGH). Der erste Zivilsenat in Karlsruhe best\u00e4tigte damit ein Urteil des Oberlandesgerichts (OLG) in Hamburg.<\/p>\n<p>Entscheidend f\u00fcr die Bewertung ist nach Ausf\u00fchrung des Vorsitzenden Richters Thomas Koch, dass all jene, denen das urspr\u00fcngliche Werk bekannt ist, die Entnahme einzelner Elemente erkennen. Das sei im vorliegenden Fall so. Es sei unerheblich, ob die Erschaffer des neuen Werks dies urspr\u00fcnglich beabsichtigt h\u00e4tten. Zudem sei die Tonsequenz von elektronischer Musik in ein anderes Genre &#8211; Hip-Hop &#8211; \u00fcberf\u00fchrt werden, sagte Koch. Somit habe ein k\u00fcnstlerischer und kreativer Dialog stattgefunden, der ein Kriterium f\u00fcr ein Pastiche sei.<\/p>\n<p>Im Kern ging es am BGH um die Frage, wann man Inhalte aus gesch\u00fctzten Werken anderer ohne Erlaubnis \u00fcbernehmen darf. Das ist f\u00fcr die Kunstbranche und Kreativwirtschaft insgesamt von gro\u00dfem Interesse.\u00a0<\/p>\n<p>Fall noch nicht erledigt<\/p>\n<p>Der Rechtsstreit besch\u00e4ftigt seit 1999 Gerichte, war mehrfach am BGH, am Europ\u00e4ischen Gerichtshof (EuGH) und am Bundesverfassungsgericht. Zuletzt hatte das OLG den Kl\u00e4gern unter anderem dahingehend recht gegeben, dass sie f\u00fcr eine Spanne von rund 18,5 Jahren Schadenersatz geltend machen k\u00f6nnen. Darum ging es jetzt am BGH nicht mehr.\u00a0<\/p>\n<p>F\u00fcr die Zeit nach dem 7. Juni 2021 &#8211; als EU-Recht in deutsches Recht umgesetzt wurde &#8211; wies das OLG die Klage ab. Das EU-Recht sieht bestimmte Ausnahmen vor, bei denen keine Erlaubnis f\u00fcr die \u00dcbernahme n\u00f6tig ist: neben Zitat, Parodie und Karikatur den Pastiche. Hier kl\u00e4rte der BGH nun auf Grundlage eines Urteils des EuGH die Voraussetzungen, unter denen Tontr\u00e4ger-Sampling als Pastiche zul\u00e4ssig sein kann.<\/p>\n<p>Endg\u00fcltig erledigt ist der Fall damit aber noch nicht. Anh\u00e4ngig ist noch eine Verfassungsbeschwerde, die laut Bundesverfassungsgericht den Zeitraum 2002 bis 2021 betrifft. Eine Entscheidung noch 2026 werde angestrebt.<\/p>\n","protected":false},"excerpt":{"rendered":"Karlsruhe (dpa) &#8211; Im fast 30 Jahre langen Sampling-Streit mit den Elektro-Pionieren der Band Kraftwerk hat Hip-Hop-Produzent Moses&hellip;\n","protected":false},"author":2,"featured_media":1277668,"comment_status":"","ping_status":"","sticky":false,"template":"","format":"standard","meta":{"footnotes":"","_share_on_mastodon":"0"},"categories":[1841],"tags":[1605,3364,29,548,663,30,2549,810,1209,2283,11747],"class_list":["post-1277667","post","type-post","status-publish","format-standard","has-post-thumbnail","category-bielefeld","tag-bielefeld","tag-de","tag-deutschland","tag-eu","tag-europa","tag-germany","tag-leute","tag-musik","tag-nordrhein-westfalen","tag-prozess-gericht","tag-urteile"],"share_on_mastodon":{"url":"https:\/\/pubeurope.com\/@de\/117206125682237270","error":""},"_links":{"self":[{"href":"https:\/\/www.europesays.com\/de\/wp-json\/wp\/v2\/posts\/1277667","targetHints":{"allow":["GET"]}}],"collection":[{"href":"https:\/\/www.europesays.com\/de\/wp-json\/wp\/v2\/posts"}],"about":[{"href":"https:\/\/www.europesays.com\/de\/wp-json\/wp\/v2\/types\/post"}],"author":[{"embeddable":true,"href":"https:\/\/www.europesays.com\/de\/wp-json\/wp\/v2\/users\/2"}],"replies":[{"embeddable":true,"href":"https:\/\/www.europesays.com\/de\/wp-json\/wp\/v2\/comments?post=1277667"}],"version-history":[{"count":0,"href":"https:\/\/www.europesays.com\/de\/wp-json\/wp\/v2\/posts\/1277667\/revisions"}],"wp:featuredmedia":[{"embeddable":true,"href":"https:\/\/www.europesays.com\/de\/wp-json\/wp\/v2\/media\/1277668"}],"wp:attachment":[{"href":"https:\/\/www.europesays.com\/de\/wp-json\/wp\/v2\/media?parent=1277667"}],"wp:term":[{"taxonomy":"category","embeddable":true,"href":"https:\/\/www.europesays.com\/de\/wp-json\/wp\/v2\/categories?post=1277667"},{"taxonomy":"post_tag","embeddable":true,"href":"https:\/\/www.europesays.com\/de\/wp-json\/wp\/v2\/tags?post=1277667"}],"curies":[{"name":"wp","href":"https:\/\/api.w.org\/{rel}","templated":true}]}}