{"id":1277673,"date":"2026-09-03T08:20:14","date_gmt":"2026-09-03T08:20:14","guid":{"rendered":"https:\/\/www.europesays.com\/de\/1277673\/"},"modified":"2026-09-03T08:20:14","modified_gmt":"2026-09-03T08:20:14","slug":"20-jahre-pia-e-v","status":"publish","type":"post","link":"https:\/\/www.europesays.com\/de\/1277673\/","title":{"rendered":"20 Jahre PIA e. V."},"content":{"rendered":"<p>                            Patientinneninitiative am St. Anna Hospital Herne begleitet Frauen mit Brustkrebs<\/p>\n<p class=\"meta\">\n<p>                  <a href=\"https:\/\/medecon.ruhr\/mitglieder\/st-elisabeth-gruppe-gmbh\/\" rel=\"nofollow noopener\" target=\"_blank\">St. Elisabeth Gruppe GmbH<\/a><br \/>\n                  am                 3. September 2026              <\/p>\n<p>Seit 20 Jahren steht PIA e. V. Brustkrebspatientinnen in Herne w\u00e4hrend und nach ihrer Erkrankung zur Seite. 2006 wurde die Patientinneninitiative am St. Anna Hospital Herne von betroffenen Frauen gegr\u00fcndet. Aus dem Wunsch nach Austausch und gegenseitiger Unterst\u00fctzung ist seitdem ein vielseitiges Angebot entstanden.<\/p>\n<p><a href=\"https:\/\/medecon.ruhr\/wp-content\/uploads\/2026\/09\/lecx7699_pressebild_20-jahre-pia-e.-v.jpg\" rel=\"nofollow noopener\" target=\"_blank\"><img fetchpriority=\"high\" decoding=\"async\" class=\"wp-image-21161 size-medium\" src=\"https:\/\/www.europesays.com\/de\/wp-content\/uploads\/2026\/09\/lecx7699_pressebild_20-jahre-pia-e.-v-350x234.jpg\" alt=\"Anja Drie\u00dfen (2. von links), 1. Vorsitzende von PIA e. V., Gabriele Becker (3. v. l.), 2. Vorsitzende von PIA e. V., Daniel Matosin (l.), Mitglied der Gesch\u00e4ftsleitung der St. Elisabeth Gruppe, und Ingo Eggelnp\u00f6hler (rechts), Leitender Oberarzt des Brustzentrum der St. Elisabeth Gruppe am Standort St. Anna Hospital Herne, feiern das 20-j\u00e4hrige Bestehen der Patientinneninitiative.\" width=\"350\" height=\"234\"  \/><\/a>Anja Drie\u00dfen (2. von links), 1. Vorsitzende von PIA e. V., Gabriele Becker (3. v. l.), 2. Vorsitzende von PIA e. V., Daniel Matosin (l.), Mitglied der Gesch\u00e4ftsleitung der St. Elisabeth Gruppe, und Ingo Eggelnp\u00f6hler (rechts), Leitender Oberarzt des Brustzentrum der St. Elisabeth Gruppe am Standort St. Anna Hospital Herne, feiern das 20-j\u00e4hrige Bestehen der Patientinneninitiative.<\/p>\n<p>Auch nach 20 Jahren ist das, was PIA ausmacht, unver\u00e4ndert geblieben: \u201eWir bringen Frauen zusammen, die \u00e4hnliche Erfahrungen gemacht haben und sich dadurch auf eine ganz besondere Weise verstehen. Gleichzeitig m\u00f6chten wir unsere Angebote auch in Zukunft weiterentwickeln und offen daf\u00fcr bleiben, was Brustkrebspatientinnen aktuell brauchen\u201c, sagt Anja Drie\u00dfen, 1. Vorsitzende von PIA e. V.<\/p>\n<p>Engagement mit gro\u00dfer Bedeutung f\u00fcr Patientinnen<\/p>\n<p>Mit ihren Angeboten ist PIA e. V. seit 20 Jahren ein wichtiger Bestandteil der Begleitung von Brustkrebspatientinnen am St. Anna Hospital Herne. \u201eDas Engagement ist f\u00fcr unserer Patientinnen von gro\u00dfer Bedeutung. Die Initiative schafft Raum f\u00fcr pers\u00f6nlichen Austausch, gegenseitige Unterst\u00fctzung und gemeinsame Aktivit\u00e4ten\u201c, erkl\u00e4rt Daniel Matosin, Mitglied der Gesch\u00e4ftsleitung der St. Elisabeth Gruppe.<\/p>\n<p>Gemeinsam stark w\u00e4hrend und nach der Brustkrebserkrankung<\/p>\n<p>Zum Angebot der Initiative geh\u00f6ren unter anderem die PIA-Sprechstunde, das monatliche Mamma-Fr\u00fchst\u00fcck, Wassergymnastik und Entspannungsangebote sowie die regelm\u00e4\u00dfige \u201eTea Time\u201c. Dar\u00fcber hinaus organisiert PIA besondere Aktionen zu Themen, die Frauen w\u00e4hrend und nach einer Brustkrebserkrankung besch\u00e4ftigen. Die Patientinneninitiative erg\u00e4nzt damit die Versorgung insbesondere durch den pers\u00f6nlichen Austausch mit anderen Betroffenen.<\/p>\n<p>Seit 2006 an der Seite von Brustkrebspatientinnen<\/p>\n<p>20 Jahre nach der Gr\u00fcndung bleibt der Grundgedanke von PIA e. V. unver\u00e4ndert: Betroffene Frauen sollen mit ihren Fragen, Sorgen und Erfahrungen nicht allein bleiben. Mit ihren Angeboten und der engen Zusammenarbeit mit dem Brustzentrum m\u00f6chte die Initiative diesen Gedanken auch in Zukunft weitertragen.<br \/>Das Jubil\u00e4um der Patientinneninitiative wurde im Rahmen einer gemeinsamen Feier im Kongresszentrum der St. Elisabeth Gruppe am St. Anna Hospital Herne begangen. Musik, der Auftritt einer Schauspielerin sowie Essen und Getr\u00e4nke sorgen f\u00fcr ein abwechslungsreiches Programm und bieten Gelegenheit f\u00fcr Begegnungen und pers\u00f6nliche Gespr\u00e4che.<\/p>\n","protected":false},"excerpt":{"rendered":"Patientinneninitiative am St. Anna Hospital Herne begleitet Frauen mit Brustkrebs St. Elisabeth Gruppe GmbH am 3. September 2026&hellip;\n","protected":false},"author":2,"featured_media":1277674,"comment_status":"","ping_status":"","sticky":false,"template":"","format":"standard","meta":{"footnotes":"","_share_on_mastodon":"0"},"categories":[1839],"tags":[7507,3364,29,30,1209],"class_list":["post-1277673","post","type-post","status-publish","format-standard","has-post-thumbnail","category-bochum","tag-bochum","tag-de","tag-deutschland","tag-germany","tag-nordrhein-westfalen"],"share_on_mastodon":{"url":"https:\/\/pubeurope.com\/@de\/117206139209387341","error":""},"_links":{"self":[{"href":"https:\/\/www.europesays.com\/de\/wp-json\/wp\/v2\/posts\/1277673","targetHints":{"allow":["GET"]}}],"collection":[{"href":"https:\/\/www.europesays.com\/de\/wp-json\/wp\/v2\/posts"}],"about":[{"href":"https:\/\/www.europesays.com\/de\/wp-json\/wp\/v2\/types\/post"}],"author":[{"embeddable":true,"href":"https:\/\/www.europesays.com\/de\/wp-json\/wp\/v2\/users\/2"}],"replies":[{"embeddable":true,"href":"https:\/\/www.europesays.com\/de\/wp-json\/wp\/v2\/comments?post=1277673"}],"version-history":[{"count":0,"href":"https:\/\/www.europesays.com\/de\/wp-json\/wp\/v2\/posts\/1277673\/revisions"}],"wp:featuredmedia":[{"embeddable":true,"href":"https:\/\/www.europesays.com\/de\/wp-json\/wp\/v2\/media\/1277674"}],"wp:attachment":[{"href":"https:\/\/www.europesays.com\/de\/wp-json\/wp\/v2\/media?parent=1277673"}],"wp:term":[{"taxonomy":"category","embeddable":true,"href":"https:\/\/www.europesays.com\/de\/wp-json\/wp\/v2\/categories?post=1277673"},{"taxonomy":"post_tag","embeddable":true,"href":"https:\/\/www.europesays.com\/de\/wp-json\/wp\/v2\/tags?post=1277673"}],"curies":[{"name":"wp","href":"https:\/\/api.w.org\/{rel}","templated":true}]}}