{"id":1277675,"date":"2026-09-03T08:21:49","date_gmt":"2026-09-03T08:21:49","guid":{"rendered":"https:\/\/www.europesays.com\/de\/1277675\/"},"modified":"2026-09-03T08:21:49","modified_gmt":"2026-09-03T08:21:49","slug":"verfahren-gegen-herner-lehrer-eingestellt","status":"publish","type":"post","link":"https:\/\/www.europesays.com\/de\/1277675\/","title":{"rendered":"Verfahren gegen Herner Lehrer eingestellt"},"content":{"rendered":"<p>Gegen Zahlung von 10.000 Euro ist ein Verfahren wegen sexuellen Missbrauchs gegen einen Herner Lehrer eingestellt worden. Zuvor hatte er vor dem Landgericht Bochum gestanden, eine 17-j\u00e4hrige Sch\u00fclerin mindestens sechs Mal missbraucht zu haben. Die Taten liegen knapp vier Jahre zur\u00fcck. Zun\u00e4chst \u00fcber seinen Verteidiger, dann aber auch in eigenen Worten hatte der 53-J\u00e4hrige alles gestanden. Au\u00dferdem erkl\u00e4rte er, dass er es schwer bereue. Der erste sexuelle \u00dcbergriff habe wenige Monate vor dem 18. Geburtstag der Jugendlichen stattgefunden. Auf den dringenden Rat eines Bekannten habe er das Ganze kurz nach ihrem Geburtstag beendet. Neben dem Gest\u00e4ndnis sprach jetzt auch der lange Zeitablauf f\u00fcr den Angeklagten. \u00dcber drei Jahre brauchte die Justiz, um den Herner vor Gericht zu bringen \u2013 ohne ein Verschulden des Angeklagten.<\/p>\n","protected":false},"excerpt":{"rendered":"Gegen Zahlung von 10.000 Euro ist ein Verfahren wegen sexuellen Missbrauchs gegen einen Herner Lehrer eingestellt worden. Zuvor&hellip;\n","protected":false},"author":2,"featured_media":71764,"comment_status":"","ping_status":"","sticky":false,"template":"","format":"standard","meta":{"footnotes":"","_share_on_mastodon":"0"},"categories":[1839],"tags":[7507,3364,29,30,1209],"class_list":["post-1277675","post","type-post","status-publish","format-standard","has-post-thumbnail","category-bochum","tag-bochum","tag-de","tag-deutschland","tag-germany","tag-nordrhein-westfalen"],"share_on_mastodon":{"url":"https:\/\/pubeurope.com\/@de\/117206145229926943","error":""},"_links":{"self":[{"href":"https:\/\/www.europesays.com\/de\/wp-json\/wp\/v2\/posts\/1277675","targetHints":{"allow":["GET"]}}],"collection":[{"href":"https:\/\/www.europesays.com\/de\/wp-json\/wp\/v2\/posts"}],"about":[{"href":"https:\/\/www.europesays.com\/de\/wp-json\/wp\/v2\/types\/post"}],"author":[{"embeddable":true,"href":"https:\/\/www.europesays.com\/de\/wp-json\/wp\/v2\/users\/2"}],"replies":[{"embeddable":true,"href":"https:\/\/www.europesays.com\/de\/wp-json\/wp\/v2\/comments?post=1277675"}],"version-history":[{"count":0,"href":"https:\/\/www.europesays.com\/de\/wp-json\/wp\/v2\/posts\/1277675\/revisions"}],"wp:featuredmedia":[{"embeddable":true,"href":"https:\/\/www.europesays.com\/de\/wp-json\/wp\/v2\/media\/71764"}],"wp:attachment":[{"href":"https:\/\/www.europesays.com\/de\/wp-json\/wp\/v2\/media?parent=1277675"}],"wp:term":[{"taxonomy":"category","embeddable":true,"href":"https:\/\/www.europesays.com\/de\/wp-json\/wp\/v2\/categories?post=1277675"},{"taxonomy":"post_tag","embeddable":true,"href":"https:\/\/www.europesays.com\/de\/wp-json\/wp\/v2\/tags?post=1277675"}],"curies":[{"name":"wp","href":"https:\/\/api.w.org\/{rel}","templated":true}]}}