{"id":1277692,"date":"2026-09-03T08:31:17","date_gmt":"2026-09-03T08:31:17","guid":{"rendered":"https:\/\/www.europesays.com\/de\/1277692\/"},"modified":"2026-09-03T08:31:17","modified_gmt":"2026-09-03T08:31:17","slug":"brandattacke-bei-rohde-schwarz-lka-vermutet-anschlagsversuch","status":"publish","type":"post","link":"https:\/\/www.europesays.com\/de\/1277692\/","title":{"rendered":"Brandattacke bei Rohde &#038; Schwarz: LKA vermutet Anschlagsversuch"},"content":{"rendered":"<p>Zwei Tatverd\u00e4chtige festgenommen<\/p>\n<p>Bei der sofort eingeleiteten Fahndung nahmen Polizeibeamte an einer nahegelegenen Tankstelle am Innsbrucker Ring die beiden 28 und 38 Jahre alten Tatverd\u00e4chtige fest. Wie sie mit dem Vorfall in Verbindung stehen, ist Gegenstand der weiteren Ermittlungen. Zu einem m\u00f6glichen Motiv und den Hintergr\u00fcnden liegen bislang keine Informationen vor.<\/p>\n<p>Rohde &amp; Schwarz: &#8222;Betriebsgel\u00e4nde nicht betroffen&#8220;<\/p>\n<p>Eine Firmensprecherin des M\u00fcnchner Technologiekonzern Rohde &amp; Schwarz reagierte auf BR-Anfrage zur\u00fcckhaltend. Das Unternehmen best\u00e4tigte den Polizei- und Feuerwehreinsatz. Die Sprecherin betonte jedoch gleichzeitig: &#8222;Unser Betriebsgel\u00e4nde selbst ist nicht betroffen.&#8220; Dar\u00fcber hinaus will sich das Unternehmen vorerst nicht \u00f6ffentlich \u00e4u\u00dfern. <\/p>\n<p>Der Technologiekonzern ist unter anderem im Bereich Sicherheitstechnik und Kommunikation f\u00fcr Beh\u00f6rden und das Milit\u00e4r t\u00e4tig.<\/p>\n<p>Im Jahr 2021 hatten Unbekannte im Umfeld von Rohde &amp; Schwarz eine Stromleitung angez\u00fcndet, die offen in einer Baugrube gelegen hatte. Ein Bekennerschreiben im Internet hatte die Aktion zu einem Angriff auf den &#8222;R\u00fcstungskonzern&#8220; erkl\u00e4rt. Die damalige Tat ist bis heute nicht aufgekl\u00e4rt. Die damalige Sabotage hatte zu einem Stromausfall bei 20.000 Haushalten im M\u00fcnchner Osten gef\u00fchrt, das Unternehmen selbst jedoch nach dessen eigenen Angaben nicht beeintr\u00e4chtigt. <\/p>\n<p>Mit Informationen von dpa<\/p>\n","protected":false},"excerpt":{"rendered":"Zwei Tatverd\u00e4chtige festgenommen Bei der sofort eingeleiteten Fahndung nahmen Polizeibeamte an einer nahegelegenen Tankstelle am Innsbrucker Ring die&hellip;\n","protected":false},"author":2,"featured_media":1277693,"comment_status":"","ping_status":"","sticky":false,"template":"","format":"standard","meta":{"footnotes":"","_share_on_mastodon":"0"},"categories":[5],"tags":[331,332,90226,3364,29,30,13,1268,14,15,2339,121,263571,12],"class_list":["post-1277692","post","type-post","status-publish","format-standard","has-post-thumbnail","category-nachrichten","tag-aktuelle-nachrichten","tag-aktuelle-news","tag-brandsatz","tag-de","tag-deutschland","tag-germany","tag-headlines","tag-muenchen","tag-nachrichten","tag-news","tag-oberbayern","tag-polizei","tag-rohde-schwarz","tag-schlagzeilen"],"share_on_mastodon":{"url":"https:\/\/pubeurope.com\/@de\/117206180349405144","error":""},"_links":{"self":[{"href":"https:\/\/www.europesays.com\/de\/wp-json\/wp\/v2\/posts\/1277692","targetHints":{"allow":["GET"]}}],"collection":[{"href":"https:\/\/www.europesays.com\/de\/wp-json\/wp\/v2\/posts"}],"about":[{"href":"https:\/\/www.europesays.com\/de\/wp-json\/wp\/v2\/types\/post"}],"author":[{"embeddable":true,"href":"https:\/\/www.europesays.com\/de\/wp-json\/wp\/v2\/users\/2"}],"replies":[{"embeddable":true,"href":"https:\/\/www.europesays.com\/de\/wp-json\/wp\/v2\/comments?post=1277692"}],"version-history":[{"count":0,"href":"https:\/\/www.europesays.com\/de\/wp-json\/wp\/v2\/posts\/1277692\/revisions"}],"wp:featuredmedia":[{"embeddable":true,"href":"https:\/\/www.europesays.com\/de\/wp-json\/wp\/v2\/media\/1277693"}],"wp:attachment":[{"href":"https:\/\/www.europesays.com\/de\/wp-json\/wp\/v2\/media?parent=1277692"}],"wp:term":[{"taxonomy":"category","embeddable":true,"href":"https:\/\/www.europesays.com\/de\/wp-json\/wp\/v2\/categories?post=1277692"},{"taxonomy":"post_tag","embeddable":true,"href":"https:\/\/www.europesays.com\/de\/wp-json\/wp\/v2\/tags?post=1277692"}],"curies":[{"name":"wp","href":"https:\/\/api.w.org\/{rel}","templated":true}]}}