{"id":1277696,"date":"2026-09-03T08:34:12","date_gmt":"2026-09-03T08:34:12","guid":{"rendered":"https:\/\/www.europesays.com\/de\/1277696\/"},"modified":"2026-09-03T08:34:12","modified_gmt":"2026-09-03T08:34:12","slug":"pol-su-seniorin-bestohlen-geldboerse-aus-rollator-entwendet","status":"publish","type":"post","link":"https:\/\/www.europesays.com\/de\/1277696\/","title":{"rendered":"POL-SU: Seniorin bestohlen &#8211; Geldb\u00f6rse aus Rollator entwendet"},"content":{"rendered":"<p class=\"date\">03.09.2026 \u2013 10:25<\/p>\n<p class=\"customer\">\n                        <a class=\"story-customer\" title=\"weiter zum newsroom von Kreispolizeibeh\u00f6rde Rhein-Sieg-Kreis\" href=\"https:\/\/www.presseportal.de\/blaulicht\/nr\/65853\" rel=\"nofollow noopener\" target=\"_blank\">Kreispolizeibeh\u00f6rde Rhein-Sieg-Kreis<\/a>\n                    <\/p>\n<p><a data-category=\"citylink-story-view\" data-action=\"click\" data-label=\"Citylink in Meldungsansicht\" class=\"story-city event-trigger\" href=\"https:\/\/www.presseportal.de\/regional\/Sankt%20Augustin\" title=\"News aus Sankt Augustin \" rel=\"nofollow noopener\" target=\"_blank\">Sankt Augustin<\/a> (ots)<\/p>\n<p>Am Mittwoch (02. September) kam es gegen 16:30 Uhr zu einem Diebstahl an einer Haltestellen\u00fcberf\u00fchrung in Sankt Augustin.<\/p>\n<p>Eine 81-j\u00e4hrige Frau befand sich an der Stra\u00dfenbahnhaltestelle Sankt Augustin Zentrum und wollte die dortige \u00dcberf\u00fchrung \u00fcber die Bahnschienen nutzen um auf die Seite des Busbahnhofes zu gelangen.<br \/>\nDazu begab sie sich zu einem Aufzug und bet\u00e4tigte den Rufknopf.<\/p>\n<p>Ein bislang unbekannter Mann sprach die Seniorin an und erkl\u00e4rte ihr, dass der Aufzug defekt sei. Anschlie\u00dfend bot er ihr an, sie beim \u00dcberqueren der \u00dcberf\u00fchrung zu Fu\u00df zu unterst\u00fctzen. Dazu nahm er eine Seite des Rollators, w\u00e4hrend die Seniorin die andere Seite festhielt. In dem Rollator befand sich die Handtasche der Seniorin.<\/p>\n<p>Als die Frau zu Hause angekommen war, bemerkte sie, dass sich ihre Geldb\u00f6rse nicht mehr in der Handtasche im Rollator befand. Darin befand sich Bargeld in dreistelliger H\u00f6he.<\/p>\n<p>Ob der unbekannte Mann tats\u00e4chlich f\u00fcr den Diebstahl verantwortlich ist, ist derzeit Gegenstand der Ermittlungen.<\/p>\n<p>Der mutma\u00dfliche Tatverd\u00e4chtige wird als etwa 25 &#8211; 30 Jahre alt und 170 bis 172 cm gro\u00df beschrieben. Er soll kurze schwarze Haare und dunkle Augen gehabt haben.<\/p>\n<p>Die Kriminalpolizei hat die Ermittlungen aufgenommen und bittet Zeugen, die den Vorfall beobachtet haben oder Angaben zu dem unbekannten Mann machen k\u00f6nnen, sich unter der Telefonnummer 02241 541-3321 bei der Polizei zu melden. (Pa)<\/p>\n<p class=\"contact-headline\">R\u00fcckfragen bitte an:<\/p>\n<p class=\"contact-text\">Kreispolizeibeh\u00f6rde Rhein-Sieg-Kreis<br \/>Pressestelle<\/p>\n<p>Telefon: 02241\/541-2222<br \/>E-Mail: <a href=\"https:\/\/www.presseportal.de\/blaulicht\/pm\/65853\/mailto:pressestelle@polizei-rhein-sieg.de\" class=\"uri-mailto\" rel=\"nofollow noopener\" target=\"_blank\">pressestelle@polizei-rhein-sieg.de<\/a><\/p>\n<p class=\"originator\">Original-Content von: Kreispolizeibeh\u00f6rde Rhein-Sieg-Kreis, \u00fcbermittelt durch news aktuell<\/p>\n","protected":false},"excerpt":{"rendered":"03.09.2026 \u2013 10:25 Kreispolizeibeh\u00f6rde Rhein-Sieg-Kreis Sankt Augustin (ots) Am Mittwoch (02. September) kam es gegen 16:30 Uhr zu&hellip;\n","protected":false},"author":2,"featured_media":1266941,"comment_status":"","ping_status":"","sticky":false,"template":"","format":"standard","meta":{"footnotes":"","_share_on_mastodon":"0"},"categories":[1842],"tags":[1741,3364,29,30,177,1209,176,121,178,180,179,181],"class_list":["post-1277696","post","type-post","status-publish","format-standard","has-post-thumbnail","category-bonn","tag-bonn","tag-de","tag-deutschland","tag-germany","tag-kriminalitt","tag-nordrhein-westfalen","tag-nrw","tag-polizei","tag-presse","tag-pressemeldung","tag-pressemitteilung","tag-pressemitteilungen"],"share_on_mastodon":{"url":"https:\/\/pubeurope.com\/@de\/117206192205585549","error":""},"_links":{"self":[{"href":"https:\/\/www.europesays.com\/de\/wp-json\/wp\/v2\/posts\/1277696","targetHints":{"allow":["GET"]}}],"collection":[{"href":"https:\/\/www.europesays.com\/de\/wp-json\/wp\/v2\/posts"}],"about":[{"href":"https:\/\/www.europesays.com\/de\/wp-json\/wp\/v2\/types\/post"}],"author":[{"embeddable":true,"href":"https:\/\/www.europesays.com\/de\/wp-json\/wp\/v2\/users\/2"}],"replies":[{"embeddable":true,"href":"https:\/\/www.europesays.com\/de\/wp-json\/wp\/v2\/comments?post=1277696"}],"version-history":[{"count":0,"href":"https:\/\/www.europesays.com\/de\/wp-json\/wp\/v2\/posts\/1277696\/revisions"}],"wp:featuredmedia":[{"embeddable":true,"href":"https:\/\/www.europesays.com\/de\/wp-json\/wp\/v2\/media\/1266941"}],"wp:attachment":[{"href":"https:\/\/www.europesays.com\/de\/wp-json\/wp\/v2\/media?parent=1277696"}],"wp:term":[{"taxonomy":"category","embeddable":true,"href":"https:\/\/www.europesays.com\/de\/wp-json\/wp\/v2\/categories?post=1277696"},{"taxonomy":"post_tag","embeddable":true,"href":"https:\/\/www.europesays.com\/de\/wp-json\/wp\/v2\/tags?post=1277696"}],"curies":[{"name":"wp","href":"https:\/\/api.w.org\/{rel}","templated":true}]}}