{"id":1277701,"date":"2026-09-03T08:38:16","date_gmt":"2026-09-03T08:38:16","guid":{"rendered":"https:\/\/www.europesays.com\/de\/1277701\/"},"modified":"2026-09-03T08:38:16","modified_gmt":"2026-09-03T08:38:16","slug":"sperrung-wegen-maroder-bruecken-bahnstrecke-zwischen-nuernberg-und-bayreuth-wieder-offen-bayern","status":"publish","type":"post","link":"https:\/\/www.europesays.com\/de\/1277701\/","title":{"rendered":"Sperrung wegen maroder Br\u00fccken &#8211; Bahnstrecke zwischen N\u00fcrnberg und Bayreuth wieder offen &#8211; Bayern"},"content":{"rendered":"<p data-manual=\"paragraph\" data-schema-org-speakable=\"true\" class=\"css-1eosz7k\"><a href=\"https:\/\/www.sueddeutsche.de\/thema\/N%C3%BCrnberg\" rel=\"nofollow noopener\" target=\"_blank\">N\u00fcrnberg<\/a>\/Bayreuth (dpa\/lby) &#8211; Bahn-Reisende und Pendler zwischen N\u00fcrnberg und Bayreuth k\u00f6nnen bald wieder komplett den Zug nehmen &#8211; und m\u00fcssen nicht mehr auf den Bus ausweichen: Die Trasse durch das Pegnitztal ist zum Start des neuen Schuljahres wieder komplett befahrbar, wie die <a href=\"https:\/\/www.sueddeutsche.de\/thema\/Deutsche_Bahn\" rel=\"nofollow noopener\" target=\"_blank\">Deutsche Bahn<\/a> (DB) mitteilte. Vom 14. September an fahren die Z\u00fcge wieder.\u00a0<\/p>\n<p data-manual=\"paragraph\" data-schema-org-speakable=\"true\" class=\"css-1eosz7k\">R\u00fcckblick: Vor etwa einem Jahr hie\u00df es \u00fcberraschend f\u00fcr die Fahrg\u00e4ste, dass im Pegnitztal zwischen Hersbruck und Pegnitz 18 Br\u00fccken stark besch\u00e4digt waren und die Strecke gesperrt werden musste. F\u00fcr viele Pendler, Ausfl\u00fcgler und Sch\u00fclerinnen und Sch\u00fcler hie\u00df es fortan: Ersatzbus statt Bahn.\u00a0<\/p>\n<p>Was ist eigentlich mit der Elektrifizierung?\u00a0<\/p>\n<p data-manual=\"paragraph\" data-schema-org-speakable=\"true\" class=\"css-1eosz7k\">In den Monaten der Sperrung wurden nach Bahn-Angaben die Br\u00fccken wieder instand gesetzt. \u201eDabei wurden unter anderem die Fugen der Bauwerke erneuert und verpresst, lose Mauerwerkssteine an den Br\u00fccken mit Nadeln und Ankern verst\u00e4rkt sowie Risse im Mauerwerk verschlossen und verpresst, um die jeweilige Bausubstanz zu stabilisieren\u201c, teilte die DB mit. Die Ma\u00dfnahmen kosteten rund neun Millionen Euro. Im Mai wurde zun\u00e4chst ein Teilst\u00fcck wieder freigegeben, nun folgt die komplette Trasse durchs Pegnitztal.\u00a0<\/p>\n<p data-manual=\"paragraph\" data-schema-org-speakable=\"true\" class=\"css-1eosz7k\">In den kommenden Jahren sollen die 18 Br\u00fccken grundlegend erneuert werden. Zugleich gibt es schon seit Jahrzehnten eine Diskussion um die Elektrifizierung der Trasse: Vom Norden her k\u00f6nnen von Sachsen bis Hof bereits E-Loks fahren, Richtung S\u00fcden bis N\u00fcrnberg m\u00fcssen die Bahnen noch mit Diesel betrieben werden. Bislang gibt es aber noch keine konkreten Planungsschritte f\u00fcr die Modernisierung der Strecke.<\/p>\n<p data-manual=\"paragraph\" data-schema-org-speakable=\"true\" class=\"css-1eosz7k\">\u00a9 dpa-infocom, dpa:260903-930-625966\/1<\/p>\n","protected":false},"excerpt":{"rendered":"N\u00fcrnberg\/Bayreuth (dpa\/lby) &#8211; Bahn-Reisende und Pendler zwischen N\u00fcrnberg und Bayreuth k\u00f6nnen bald wieder komplett den Zug nehmen &#8211;&hellip;\n","protected":false},"author":2,"featured_media":1277702,"comment_status":"","ping_status":"","sticky":false,"template":"","format":"standard","meta":{"footnotes":"","_share_on_mastodon":"0"},"categories":[1837],"tags":[1739,2037,6399,772,3364,2030,29,30,13707,90552,3783,14204,121948,149,601,13708],"class_list":["post-1277701","post","type-post","status-publish","format-standard","has-post-thumbnail","category-nuernberg","tag-bahn","tag-bahnhof","tag-bau","tag-bayern","tag-de","tag-deutsche-bahn","tag-deutschland","tag-germany","tag-hauptbahnhof-nuernberg","tag-neuhaus-a-d-pegnitz","tag-nuernberg","tag-pegnitz","tag-pegnitztal","tag-sueddeutsche-zeitung","tag-verkehr","tag-verkehr-in-bayern"],"share_on_mastodon":{"url":"https:\/\/pubeurope.com\/@de\/117206208000605887","error":""},"_links":{"self":[{"href":"https:\/\/www.europesays.com\/de\/wp-json\/wp\/v2\/posts\/1277701","targetHints":{"allow":["GET"]}}],"collection":[{"href":"https:\/\/www.europesays.com\/de\/wp-json\/wp\/v2\/posts"}],"about":[{"href":"https:\/\/www.europesays.com\/de\/wp-json\/wp\/v2\/types\/post"}],"author":[{"embeddable":true,"href":"https:\/\/www.europesays.com\/de\/wp-json\/wp\/v2\/users\/2"}],"replies":[{"embeddable":true,"href":"https:\/\/www.europesays.com\/de\/wp-json\/wp\/v2\/comments?post=1277701"}],"version-history":[{"count":0,"href":"https:\/\/www.europesays.com\/de\/wp-json\/wp\/v2\/posts\/1277701\/revisions"}],"wp:featuredmedia":[{"embeddable":true,"href":"https:\/\/www.europesays.com\/de\/wp-json\/wp\/v2\/media\/1277702"}],"wp:attachment":[{"href":"https:\/\/www.europesays.com\/de\/wp-json\/wp\/v2\/media?parent=1277701"}],"wp:term":[{"taxonomy":"category","embeddable":true,"href":"https:\/\/www.europesays.com\/de\/wp-json\/wp\/v2\/categories?post=1277701"},{"taxonomy":"post_tag","embeddable":true,"href":"https:\/\/www.europesays.com\/de\/wp-json\/wp\/v2\/tags?post=1277701"}],"curies":[{"name":"wp","href":"https:\/\/api.w.org\/{rel}","templated":true}]}}