{"id":1277703,"date":"2026-09-03T08:39:16","date_gmt":"2026-09-03T08:39:16","guid":{"rendered":"https:\/\/www.europesays.com\/de\/1277703\/"},"modified":"2026-09-03T08:39:16","modified_gmt":"2026-09-03T08:39:16","slug":"nuernberg-das-polizeipraesidium-mittelfranken-begruesst-seine-neuen-beamtinnen-und-beamten","status":"publish","type":"post","link":"https:\/\/www.europesays.com\/de\/1277703\/","title":{"rendered":"N\u00fcrnberg: Das Polizeipr\u00e4sidium Mittelfranken begr\u00fc\u00dft seine neuen Beamtinnen und Beamten"},"content":{"rendered":"<p class=\"desc-read\"><strong><br \/>\n           N\u00fcrnberg (ots) &#8211;<br \/>\n          <\/strong>\n          <\/p>\n<p>Die Dienststellen der mittelfr\u00e4nkischen Polizei erhielten zum 01.09.2026 personelle Verst\u00e4rkung aus einem Kontingent von insgesamt 612 Beamtinnen und Beamten, die in diesem Sommer ihre Berufsausbildung bei der Bayerischen Bereitschaftspolizei erfolgreich abgeschlossen haben. Einen Teil der neuen Kolleginnen und Kollegen begr\u00fc\u00dfte der Polizeipr\u00e4sident Gernot Rochholz am Dienstag (01.09.2026) pers\u00f6nlich.<\/p>\n<p>Stellvertretend f\u00fcr die insgesamt 82 Beamtinnen und Beamten, die dem Polizeipr\u00e4sidium Mittelfranken zum Monatsbeginn zugeteilt wurden, begr\u00fc\u00dfte Gernot Rochholz am Dienstagvormittag eine Delegation der neuen Kolleginnen und Kollegen in den R\u00e4umlichkeiten des Polizeipr\u00e4sidiums Mittelfranken in N\u00fcrnberg. In dem Dienstgeb\u00e4ude am Jakobsplatz waren insgesamt 40 Beamtinnen und Beamte der N\u00fcrnberger Polizeiinspektionen in Begleitung ihrer jeweiligen Dienststellenleiterinnen und -leiter zusammengekommen.<\/p>\n<p>Der mittelfr\u00e4nkische Polizeichef Gernot Rochholz er\u00f6ffnete die Veranstaltung und hie\u00df den Polizeinachwuchs seines Pr\u00e4sidiums herzlich willkommen. &#8222;Sicherheit ist ein Mannschaftssport &#8211; das bedeutet, dass das Team der mittelfr\u00e4nkischen Polizei zusammenh\u00e4lt und sich unterst\u00fctzt. Dies ist essenziell f\u00fcr eine erfolgreiche Sicherheitsarbeit.&#8220;, betonte der Polizeipr\u00e4sident und w\u00fcnschte den Beamtinnen und Beamten einen guten Start bei ihren Dienststellen mit viel Freude und Erfolg bei ihrer neuen T\u00e4tigkeit. Im Anschluss \u00fcbergab er das Wort an Generalstaatsanw\u00e4ltin Petra Strohbach von der Generalstaatsanwaltschaft N\u00fcrnberg. Frau Strohbach hob die Bedeutung einer engen und vertrauensvollen Zusammenarbeit mit den Staatsanw\u00e4ltinnen und Staatsanw\u00e4lten hervor und ermutigte die neuen Beamtinnen und Beamten, diesen Austausch aktiv zu suchen. Auch Olaf Kuch, Referatsleiter der Stadt N\u00fcrnberg, betonte in seiner Rede, dass zwischen der Polizei und der Stadt kein Blatt Papier passe. Die R\u00fcckmeldungen der Polizeibeamtinnen und Polizeibeamten seien f\u00fcr die Stadt von hoher Relevanz. Abschlie\u00dfend begr\u00fc\u00dfte Markus Sennefelder vom Personalrat des Polizeipr\u00e4sidiums Mittelfranken die neuen Kolleginnen und Kollegen und wies auf die vielf\u00e4ltigen M\u00f6glichkeiten hin, die sich ihnen bei der Polizei zur individuellen Fortbildung und beruflichen Weiterentwicklung bieten.<\/p>\n<p>Die starke Partnerschaft und Zusammenarbeit zwischen der Polizei, der N\u00fcrnberger Justiz und der Stadt tr\u00e4gt laut Gernot Rochholz zu einem hohen Sicherheitsniveau in N\u00fcrnberg bei. Im Ranking der sichersten Gro\u00dfst\u00e4dte mit mehr als 200.000 Einwohnern belegte N\u00fcrnberg den f\u00fcnften Platz. Der Polizeipr\u00e4sident f\u00fchrte dies unter anderem auf den engagierten und professionellen Einsatz der Besch\u00e4ftigten des Polizeipr\u00e4sidiums Mittelfranken zur\u00fcck.<\/p>\n<p>Den personellen Zug\u00e4ngen nach Mittelfranken stehen diverse Personalabg\u00e4nge gegen\u00fcber. 20 Beamtinnen und Beamte werden ihren Dienst k\u00fcnftig in anderen Pr\u00e4sidien der Bayerischen Polizei leisten. Dar\u00fcber hinaus treten 79 Angeh\u00f6rige des Polizeipr\u00e4sidiums Mittelfranken im Jahr 2026 ihren wohlverdienten Ruhestand an.<\/p>\n<p>Dieser Beitrag wird vom Polizeipr\u00e4sidium Mittelfranken bereitgestellt. inFranken.de hat den Beitrag nicht redaktionell gepr\u00fcft.<\/p>\n","protected":false},"excerpt":{"rendered":"N\u00fcrnberg (ots) &#8211; Die Dienststellen der mittelfr\u00e4nkischen Polizei erhielten zum 01.09.2026 personelle Verst\u00e4rkung aus einem Kontingent von insgesamt&hellip;\n","protected":false},"author":2,"featured_media":495001,"comment_status":"","ping_status":"","sticky":false,"template":"","format":"standard","meta":{"footnotes":"","_share_on_mastodon":"0"},"categories":[1837],"tags":[772,3364,29,30,3783],"class_list":["post-1277703","post","type-post","status-publish","format-standard","has-post-thumbnail","category-nuernberg","tag-bayern","tag-de","tag-deutschland","tag-germany","tag-nuernberg"],"share_on_mastodon":{"url":"https:\/\/pubeurope.com\/@de\/117206211906222307","error":""},"_links":{"self":[{"href":"https:\/\/www.europesays.com\/de\/wp-json\/wp\/v2\/posts\/1277703","targetHints":{"allow":["GET"]}}],"collection":[{"href":"https:\/\/www.europesays.com\/de\/wp-json\/wp\/v2\/posts"}],"about":[{"href":"https:\/\/www.europesays.com\/de\/wp-json\/wp\/v2\/types\/post"}],"author":[{"embeddable":true,"href":"https:\/\/www.europesays.com\/de\/wp-json\/wp\/v2\/users\/2"}],"replies":[{"embeddable":true,"href":"https:\/\/www.europesays.com\/de\/wp-json\/wp\/v2\/comments?post=1277703"}],"version-history":[{"count":0,"href":"https:\/\/www.europesays.com\/de\/wp-json\/wp\/v2\/posts\/1277703\/revisions"}],"wp:featuredmedia":[{"embeddable":true,"href":"https:\/\/www.europesays.com\/de\/wp-json\/wp\/v2\/media\/495001"}],"wp:attachment":[{"href":"https:\/\/www.europesays.com\/de\/wp-json\/wp\/v2\/media?parent=1277703"}],"wp:term":[{"taxonomy":"category","embeddable":true,"href":"https:\/\/www.europesays.com\/de\/wp-json\/wp\/v2\/categories?post=1277703"},{"taxonomy":"post_tag","embeddable":true,"href":"https:\/\/www.europesays.com\/de\/wp-json\/wp\/v2\/tags?post=1277703"}],"curies":[{"name":"wp","href":"https:\/\/api.w.org\/{rel}","templated":true}]}}