{"id":1277714,"date":"2026-09-03T08:46:20","date_gmt":"2026-09-03T08:46:20","guid":{"rendered":"https:\/\/www.europesays.com\/de\/1277714\/"},"modified":"2026-09-03T08:46:20","modified_gmt":"2026-09-03T08:46:20","slug":"kooperation-zwischen-bremen-zwei-und-dem-bremer-rundfunkmuseum-besiegelt","status":"publish","type":"post","link":"https:\/\/www.europesays.com\/de\/1277714\/","title":{"rendered":"Kooperation zwischen Bremen Zwei und dem Bremer Rundfunkmuseum besiegelt"},"content":{"rendered":"<p>Auf alten Radioempfangsger\u00e4ten niederdeutsche H\u00f6rspiele genie\u00dfen und dabei durch das historische Ambiente des Rundfunkmuseums flanieren: Am Freitag, den 4. September, laden <b>Bremen Zwei<\/b> und das <b>Bremer Rundfunkmuseum<\/b> ein zu einem gemeinsamen niederdeutschen H\u00f6rspielabend. Aufgef\u00fchrt wird \u201e<b>T\u00f6ven<\/b>\u201c. Das H\u00f6rspiel von Autorin Helga B\u00fcrster wurde mit dem Zonser H\u00f6rspielpreis sowie dem Hans-Henning-Holm-Preis ausgezeichnet und ist eine Gemeinschaftsproduktion von <b>Radio Bremen<\/b> und dem <b>NDR<\/b>.<\/p>\n<p><a href=\"https:\/\/www.radioszene.de\/wp-content\/uploads\/2026\/09\/Alte-Radios-Rundfunkuseum-miguel-alcantara-0w-7su4kinI-unsplash-fb.jpg\" rel=\"nofollow noopener\" target=\"_blank\"><img fetchpriority=\"high\" decoding=\"async\" class=\"aligncenter size-large wp-image-217033\" src=\"https:\/\/www.europesays.com\/de\/wp-content\/uploads\/2026\/09\/Alte-Radios-Rundfunkuseum-miguel-alcantara-0w-7su4kinI-unsplash-fb-750x394.jpg\" alt=\"Alte Radios im Rundfunkmuseum (Bild: unsplash)\" width=\"750\" height=\"394\" title=\"Kooperation zwischen Bremen Zwei und dem Bremer Rundfunkmuseum besiegelt\"  \/><\/a><\/p>\n<p>\u201eT\u00f6ven\u201c ist der erste Termin einer langfristigen Kooperation zwischen Bremen Zwei und dem Rundfunkmuseum. Die Zusammenarbeit, die schon seit vielen Jahren besteht, wird jetzt verbindlich geregelt: Sechsmal j\u00e4hrlich laden das Rundfunkmuseum und Bremen Zwei Bremerinnen und Bremer zu unterhaltsamen H\u00f6rspielabenden in niederdeutscher Sprache ein. Damit m\u00f6chten Bremen Zwei und das Bremer Rundfunkmuseum ihr Engagement f\u00fcr den Erhalt der niederdeutschen Sprache verstetigen.<\/p>\n<p>\u201eT\u00f6ven\u201c spielt in dem kleinen Ort Littelb\u00fcttel, in dem die letzte Busverbindung in die n\u00e4chste Stadt endg\u00fcltig eingestellt wird. Eine Katastrophe f\u00fcr Rieke und Inga, die auf die Fahrten mit \u00f6ffentlichen Verkehrsmitteln angewiesen sind. Als Alternative installiert die Gemeinde eine \u201eMitfahrerbank\u201c, denn auf den Zusammenhalt der Menschen in dem kleinen Dorf ist schlie\u00dflich Verlass. Schnell merken die eigenst\u00e4ndigen und eigentlich lebensfrohen Frauen, dass Theorie und Praxis jedoch weit auseinanderliegen: Zwar werden sie zu Lokalber\u00fchmtheiten, doch die Abh\u00e4ngigkeit von der Hilfsbereitschaft anderer setzt ihnen zusehends zu und l\u00e4sst sie zu unkonventionellen Mitteln greifen.<\/p>\n<p>\t\t\t\t\t<a href=\"https:\/\/www.radioszene.de\/tag\/radio-bremen\" rel=\"tag nofollow noopener\" target=\"_blank\">Radio Bremen<\/a><a href=\"https:\/\/www.radioszene.de\/tag\/rundfunkmuseum\" rel=\"tag nofollow noopener\" target=\"_blank\">Rundfunkmuseum<\/a><br \/>\n\t\t\t<a data-no-instant=\"1\" href=\"https:\/\/tickets.medientage.de\/s\/TArxNnla\" rel=\"noopener nofollow sponsored\" class=\"a2t-link\" target=\"_blank\" aria-label=\"Medientage M\u00fcnchen 2026 - Tickets (Contentbanner)\"><img loading=\"lazy\" decoding=\"async\" src=\"https:\/\/www.europesays.com\/de\/wp-content\/uploads\/2026\/09\/MTM26_Radioszene-1456x280-1.gif\" alt=\"Medientage M\u00fcnchen 2026 - Tickets (Contentbanner)\" width=\"728\" height=\"140\"\/><\/a><\/p>\n","protected":false},"excerpt":{"rendered":"Auf alten Radioempfangsger\u00e4ten niederdeutsche H\u00f6rspiele genie\u00dfen und dabei durch das historische Ambiente des Rundfunkmuseums flanieren: Am Freitag, den&hellip;\n","protected":false},"author":2,"featured_media":1277715,"comment_status":"","ping_status":"","sticky":false,"template":"","format":"standard","meta":{"footnotes":"","_share_on_mastodon":"0"},"categories":[1824],"tags":[2420,3364,29,30],"class_list":["post-1277714","post","type-post","status-publish","format-standard","has-post-thumbnail","category-bremen","tag-bremen","tag-de","tag-deutschland","tag-germany"],"share_on_mastodon":{"url":"https:\/\/pubeurope.com\/@de\/117206241882347552","error":""},"_links":{"self":[{"href":"https:\/\/www.europesays.com\/de\/wp-json\/wp\/v2\/posts\/1277714","targetHints":{"allow":["GET"]}}],"collection":[{"href":"https:\/\/www.europesays.com\/de\/wp-json\/wp\/v2\/posts"}],"about":[{"href":"https:\/\/www.europesays.com\/de\/wp-json\/wp\/v2\/types\/post"}],"author":[{"embeddable":true,"href":"https:\/\/www.europesays.com\/de\/wp-json\/wp\/v2\/users\/2"}],"replies":[{"embeddable":true,"href":"https:\/\/www.europesays.com\/de\/wp-json\/wp\/v2\/comments?post=1277714"}],"version-history":[{"count":0,"href":"https:\/\/www.europesays.com\/de\/wp-json\/wp\/v2\/posts\/1277714\/revisions"}],"wp:featuredmedia":[{"embeddable":true,"href":"https:\/\/www.europesays.com\/de\/wp-json\/wp\/v2\/media\/1277715"}],"wp:attachment":[{"href":"https:\/\/www.europesays.com\/de\/wp-json\/wp\/v2\/media?parent=1277714"}],"wp:term":[{"taxonomy":"category","embeddable":true,"href":"https:\/\/www.europesays.com\/de\/wp-json\/wp\/v2\/categories?post=1277714"},{"taxonomy":"post_tag","embeddable":true,"href":"https:\/\/www.europesays.com\/de\/wp-json\/wp\/v2\/tags?post=1277714"}],"curies":[{"name":"wp","href":"https:\/\/api.w.org\/{rel}","templated":true}]}}