{"id":1277716,"date":"2026-09-03T08:47:16","date_gmt":"2026-09-03T08:47:16","guid":{"rendered":"https:\/\/www.europesays.com\/de\/1277716\/"},"modified":"2026-09-03T08:47:16","modified_gmt":"2026-09-03T08:47:16","slug":"pol-ge-fussball-in-gelsenkirchen-verkehrshinweise-zu-an-und-abreise","status":"publish","type":"post","link":"https:\/\/www.europesays.com\/de\/1277716\/","title":{"rendered":"POL-GE: Fu\u00dfball in Gelsenkirchen &#8211; Verkehrshinweise zu An- und Abreise"},"content":{"rendered":"<p class=\"date\">03.09.2026 \u2013 10:16<\/p>\n<p class=\"customer\">\n                        <a class=\"story-customer\" title=\"weiter zum newsroom von Polizei Gelsenkirchen\" href=\"https:\/\/www.presseportal.de\/blaulicht\/nr\/51056\" rel=\"nofollow noopener\" target=\"_blank\">Polizei Gelsenkirchen<\/a>\n                    <\/p>\n<p><a data-category=\"citylink-story-view\" data-action=\"click\" data-label=\"Citylink in Meldungsansicht\" class=\"story-city event-trigger\" href=\"https:\/\/www.presseportal.de\/regional\/Gelsenkirchen\" title=\"News aus Gelsenkirchen \" rel=\"nofollow noopener\" target=\"_blank\">Gelsenkirchen<\/a> (ots)<\/p>\n<p>Am kommenden Samstag, 5. September 2026, findet das erste Heimspiel des FC Schalke 04 nach dem Aufstieg in die 1. Fu\u00dfball-Bundesliga in Gelsenkirchen statt. Bei dieser Fu\u00dfballbegegnung treffen der Gelsenkirchener Verein und der FC Bayern M\u00fcnchen sportlich aufeinander, weshalb zahlreiche Fans beider Lager \u00fcber den Tag verteilt die Anreise zur Arena antreten werden.<\/p>\n<p>Die Polizei Gelsenkirchen weist in diesem Zusammenhang auf einige laufende Bauma\u00dfnahmen im Stadtgebiet hin, die sowohl die Anreise wie auch die Abreise nach dem Spiel erschweren k\u00f6nnen.<\/p>\n<p>In Gelsenkirchen-Schalke gibt es derzeit aufgrund der Fahrbahnsanierung der Kurt-Schumacher-Stra\u00dfe zwischen der Grenzstra\u00dfe und der Stra\u00dfe Am Stadthafen eine Gro\u00dfbaustelle. Der Verkehr wird in beiden Fahrtrichtungen \u00fcber eine Fahrbahnseite gef\u00fchrt.<\/p>\n<p>Ebenso befindet sich auf der Willy-Brandt-Allee im Stadtteil Erle eine Baustelle. Dort wird der Verkehr im Kreuzungsbereich zur M\u00fcnsterstra\u00dfe einspurig gef\u00fchrt.<\/p>\n<p>Seit Ende August ist die Anschlussstelle Herten auf der Bundesautobahn 2 sowohl in Fahrtrichtung Hannover wie auch in Fahrtrichtung Oberhausen gesperrt.<\/p>\n<p>Des Weiteren gibt es am kommenden Wochenende, vom 4. bis 6. September 2026,  eine Vollsperrung der Autobahn 43 in beiden Fahrtrichtungen zwischen dem Kreuz<br \/>\nRecklinghausen und dem Kreuz Bochum. Damit verbunden ist mit einem erh\u00f6hten Verkehrsaufkommen auf den umliegenden Autobahnen zu rechnen.<\/p>\n<p>Parallel zur Fu\u00dfballbegegnung findet zudem am Samstag, 5. September 2026, ein Konzert im Amphitheater in Horst statt.<\/p>\n<p>Bitte planen Sie ausreichend Zeit ein, erkundigen Sie sich im Vorfeld \u00fcber Alternativrouten und nutzen Sie gerne den \u00d6ffentlichen Personennahverkehr im Stadtgebiet.<\/p>\n<p>Die Polizei Gelsenkirchen sorgt auch an diesem Spieltag f\u00fcr Ihre Sicherheit und ist rund um die Uhr \u00fcber die Notfallnummer 110 zu erreichen.<\/p>\n<p class=\"contact-headline\">Nachfragen f\u00fcr Journalistinnen und Journalisten:<\/p>\n<p class=\"contact-text\">Polizei Gelsenkirchen<br \/>Annika Langner<br \/>Telefon: +49 (0) 209 365-2014<br \/>E-Mail: <a href=\"https:\/\/www.presseportal.de\/blaulicht\/pm\/51056\/mailto:pressestelle.gelsenkirchen@polizei.nrw.de\" class=\"uri-mailto\" rel=\"nofollow noopener\" target=\"_blank\">pressestelle.gelsenkirchen@polizei.nrw.de<\/a><br \/><a target=\"_blank\" class=\"uri-ext outbound\" rel=\"noopener nofollow\" href=\"https:\/\/gelsenkirchen.polizei.nrw\/\">https:\/\/gelsenkirchen.polizei.nrw\/<\/a><\/p>\n<p class=\"originator\">Original-Content von: Polizei Gelsenkirchen, \u00fcbermittelt durch news aktuell<\/p>\n","protected":false},"excerpt":{"rendered":"03.09.2026 \u2013 10:16 Polizei Gelsenkirchen Gelsenkirchen (ots) Am kommenden Samstag, 5. September 2026, findet das erste Heimspiel des&hellip;\n","protected":false},"author":2,"featured_media":1266941,"comment_status":"","ping_status":"","sticky":false,"template":"","format":"standard","meta":{"footnotes":"","_share_on_mastodon":"0"},"categories":[1834],"tags":[3364,29,3688,30,177,1209,176,121,178,180,179,181],"class_list":["post-1277716","post","type-post","status-publish","format-standard","has-post-thumbnail","category-essen","tag-de","tag-deutschland","tag-essen","tag-germany","tag-kriminalitt","tag-nordrhein-westfalen","tag-nrw","tag-polizei","tag-presse","tag-pressemeldung","tag-pressemitteilung","tag-pressemitteilungen"],"share_on_mastodon":{"url":"","error":""},"_links":{"self":[{"href":"https:\/\/www.europesays.com\/de\/wp-json\/wp\/v2\/posts\/1277716","targetHints":{"allow":["GET"]}}],"collection":[{"href":"https:\/\/www.europesays.com\/de\/wp-json\/wp\/v2\/posts"}],"about":[{"href":"https:\/\/www.europesays.com\/de\/wp-json\/wp\/v2\/types\/post"}],"author":[{"embeddable":true,"href":"https:\/\/www.europesays.com\/de\/wp-json\/wp\/v2\/users\/2"}],"replies":[{"embeddable":true,"href":"https:\/\/www.europesays.com\/de\/wp-json\/wp\/v2\/comments?post=1277716"}],"version-history":[{"count":0,"href":"https:\/\/www.europesays.com\/de\/wp-json\/wp\/v2\/posts\/1277716\/revisions"}],"wp:featuredmedia":[{"embeddable":true,"href":"https:\/\/www.europesays.com\/de\/wp-json\/wp\/v2\/media\/1266941"}],"wp:attachment":[{"href":"https:\/\/www.europesays.com\/de\/wp-json\/wp\/v2\/media?parent=1277716"}],"wp:term":[{"taxonomy":"category","embeddable":true,"href":"https:\/\/www.europesays.com\/de\/wp-json\/wp\/v2\/categories?post=1277716"},{"taxonomy":"post_tag","embeddable":true,"href":"https:\/\/www.europesays.com\/de\/wp-json\/wp\/v2\/tags?post=1277716"}],"curies":[{"name":"wp","href":"https:\/\/api.w.org\/{rel}","templated":true}]}}