{"id":1277729,"date":"2026-09-03T08:54:16","date_gmt":"2026-09-03T08:54:16","guid":{"rendered":"https:\/\/www.europesays.com\/de\/1277729\/"},"modified":"2026-09-03T08:54:16","modified_gmt":"2026-09-03T08:54:16","slug":"huehnerstall-in-duesseldorf-29-jaehriger-uebernimmt-altstadt-kneipe","status":"publish","type":"post","link":"https:\/\/www.europesays.com\/de\/1277729\/","title":{"rendered":"H\u00fchnerstall in D\u00fcsseldorf: 29-J\u00e4hriger \u00fcbernimmt Altstadt-Kneipe"},"content":{"rendered":"<p class=\"text_ohne_einzug richtext text-em-55 !leading-serif mx-6 desktop:mx-0\">Wunderbare Jahre, ausgelassene Feiern, unvergessliche Erinnerungen: Mit diesen emotionalen Worten verabschiedete sich Petra Melzer, genannt Pe, Anfang August nach ihrem allerletzten Abend im H\u00fchnerstall. 22 Jahre lang war sie das Gesicht jener Kneipe in der Mertensgasse, die besonders beliebt ist bei einheimischen Altstadtg\u00e4ngern. Melzers Pachtvertrag lief aus, die Kultkneipe ist seit Wochen geschlossen, die Fenster sind verhangen. Und jetzt? Geht es weiter.<\/p>\n","protected":false},"excerpt":{"rendered":"Wunderbare Jahre, ausgelassene Feiern, unvergessliche Erinnerungen: Mit diesen emotionalen Worten verabschiedete sich Petra Melzer, genannt Pe, Anfang August&hellip;\n","protected":false},"author":2,"featured_media":1277730,"comment_status":"","ping_status":"","sticky":false,"template":"","format":"standard","meta":{"footnotes":"","_share_on_mastodon":"0"},"categories":[1831],"tags":[263635,2922,263633,263634,4594,3364,29,3405,38243,30,17420,21611,15554,30856,1209,17719,64416],"class_list":["post-1277729","post","type-post","status-publish","format-standard","has-post-thumbnail","category-duesseldorf","tag-20kneipe","tag-altstadt","tag-altstadtgaengern","tag-altstadtverhaeltnisse","tag-bar","tag-de","tag-deutschland","tag-duesseldorf","tag-florian","tag-germany","tag-helfer","tag-huehnerstall","tag-kneipe","tag-kultkneipe","tag-nordrhein-westfalen","tag-uebernimmt","tag-vorgaengerin"],"share_on_mastodon":{"url":"","error":""},"_links":{"self":[{"href":"https:\/\/www.europesays.com\/de\/wp-json\/wp\/v2\/posts\/1277729","targetHints":{"allow":["GET"]}}],"collection":[{"href":"https:\/\/www.europesays.com\/de\/wp-json\/wp\/v2\/posts"}],"about":[{"href":"https:\/\/www.europesays.com\/de\/wp-json\/wp\/v2\/types\/post"}],"author":[{"embeddable":true,"href":"https:\/\/www.europesays.com\/de\/wp-json\/wp\/v2\/users\/2"}],"replies":[{"embeddable":true,"href":"https:\/\/www.europesays.com\/de\/wp-json\/wp\/v2\/comments?post=1277729"}],"version-history":[{"count":0,"href":"https:\/\/www.europesays.com\/de\/wp-json\/wp\/v2\/posts\/1277729\/revisions"}],"wp:featuredmedia":[{"embeddable":true,"href":"https:\/\/www.europesays.com\/de\/wp-json\/wp\/v2\/media\/1277730"}],"wp:attachment":[{"href":"https:\/\/www.europesays.com\/de\/wp-json\/wp\/v2\/media?parent=1277729"}],"wp:term":[{"taxonomy":"category","embeddable":true,"href":"https:\/\/www.europesays.com\/de\/wp-json\/wp\/v2\/categories?post=1277729"},{"taxonomy":"post_tag","embeddable":true,"href":"https:\/\/www.europesays.com\/de\/wp-json\/wp\/v2\/tags?post=1277729"}],"curies":[{"name":"wp","href":"https:\/\/api.w.org\/{rel}","templated":true}]}}