{"id":1277731,"date":"2026-09-03T08:55:17","date_gmt":"2026-09-03T08:55:17","guid":{"rendered":"https:\/\/www.europesays.com\/de\/1277731\/"},"modified":"2026-09-03T08:55:17","modified_gmt":"2026-09-03T08:55:17","slug":"pol-s-exhibitionist-belaestigt-passanten-in-der-klett-passage-zeugen-und","status":"publish","type":"post","link":"https:\/\/www.europesays.com\/de\/1277731\/","title":{"rendered":"POL-S: Exhibitionist bel\u00e4stigt Passanten in der Klett-Passage &#8211; Zeugen und &#8230;"},"content":{"rendered":"<p class=\"date\">03.09.2026 \u2013 10:31<\/p>\n<p class=\"customer\">\n                        <a class=\"story-customer\" title=\"weiter zum newsroom von Polizeipr\u00e4sidium Stuttgart\" href=\"https:\/\/www.presseportal.de\/blaulicht\/nr\/110977\" rel=\"nofollow noopener\" target=\"_blank\">Polizeipr\u00e4sidium Stuttgart<\/a>\n                    <\/p>\n<p><a data-category=\"citylink-story-view\" data-action=\"click\" data-label=\"Citylink in Meldungsansicht\" class=\"story-city event-trigger\" href=\"https:\/\/www.presseportal.de\/regional\/Stuttgart-Mitte\" title=\"News aus Stuttgart-Mitte \" rel=\"nofollow noopener\" target=\"_blank\">Stuttgart-Mitte<\/a> (ots)<\/p>\n<p>Ein 33 Jahre alter Mann soll am Donnerstag (03.09.2026) in der Klett-Passage vor Passanten an seinem Glied manipuliert haben.<br \/>\nSicherheitsdienstmitarbeiter entdeckten den Mann gegen 00.30 Uhr und alarmierten die Polizei. Die Polizeibeamten nahmen den 33-J\u00e4hrigen vorl\u00e4ufig fest. Sie setzten ihn nach Abschluss der polizeilichen Ma\u00dfnahmen wieder auf freien Fu\u00df. Zeugen und Gesch\u00e4digte werden gebeten, sich unter der Rufnummer +4971189903300 beim Polizeirevier 3 Gutenbergstra\u00dfe zu melden.<\/p>\n<p class=\"contact-headline\">R\u00fcckfragen bitte an:<\/p>\n<p class=\"contact-text\">Polizeipr\u00e4sidium Stuttgart<br \/>Pressestelle<br \/>Telefon: 0711 \/ 8990 &#8211; 1111<br \/>E-Mail: <a href=\"https:\/\/www.presseportal.de\/blaulicht\/pm\/110977\/mailto:stuttgart.pressestelle@polizei.bwl.de\" class=\"uri-mailto\" rel=\"nofollow noopener\" target=\"_blank\">stuttgart.pressestelle@polizei.bwl.de<\/a><br \/>B\u00fcrozeiten: Montag bis Freitag 06.30 Uhr bis 18.00 Uhr<\/p>\n<p>Au\u00dferhalb der B\u00fcrozeiten:<br \/>Telefon: 0711 8990-3333<br \/>E-Mail: <a href=\"https:\/\/www.presseportal.de\/blaulicht\/pm\/110977\/mailto:stuttgart.pp@polizei.bwl.de\" class=\"uri-mailto\" rel=\"nofollow noopener\" target=\"_blank\">stuttgart.pp@polizei.bwl.de<\/a><\/p>\n<p><a target=\"_blank\" class=\"uri-ext outbound\" rel=\"noopener nofollow\" href=\"https:\/\/ppstuttgart.polizei-bw.de\/\">https:\/\/ppstuttgart.polizei-bw.de\/<\/a><\/p>\n<p class=\"originator\">Original-Content von: Polizeipr\u00e4sidium Stuttgart, \u00fcbermittelt durch news aktuell<\/p>\n","protected":false},"excerpt":{"rendered":"03.09.2026 \u2013 10:31 Polizeipr\u00e4sidium Stuttgart Stuttgart-Mitte (ots) Ein 33 Jahre alter Mann soll am Donnerstag (03.09.2026) in der&hellip;\n","protected":false},"author":2,"featured_media":1266941,"comment_status":"","ping_status":"","sticky":false,"template":"","format":"standard","meta":{"footnotes":"","_share_on_mastodon":"0"},"categories":[1830],"tags":[1634,6187,3364,29,30,177,121,178,180,179,181,1441],"class_list":["post-1277731","post","type-post","status-publish","format-standard","has-post-thumbnail","category-stuttgart","tag-baden-wuerttemberg","tag-bw","tag-de","tag-deutschland","tag-germany","tag-kriminalitt","tag-polizei","tag-presse","tag-pressemeldung","tag-pressemitteilung","tag-pressemitteilungen","tag-stuttgart"],"share_on_mastodon":{"url":"https:\/\/pubeurope.com\/@de\/117206274747853391","error":""},"_links":{"self":[{"href":"https:\/\/www.europesays.com\/de\/wp-json\/wp\/v2\/posts\/1277731","targetHints":{"allow":["GET"]}}],"collection":[{"href":"https:\/\/www.europesays.com\/de\/wp-json\/wp\/v2\/posts"}],"about":[{"href":"https:\/\/www.europesays.com\/de\/wp-json\/wp\/v2\/types\/post"}],"author":[{"embeddable":true,"href":"https:\/\/www.europesays.com\/de\/wp-json\/wp\/v2\/users\/2"}],"replies":[{"embeddable":true,"href":"https:\/\/www.europesays.com\/de\/wp-json\/wp\/v2\/comments?post=1277731"}],"version-history":[{"count":0,"href":"https:\/\/www.europesays.com\/de\/wp-json\/wp\/v2\/posts\/1277731\/revisions"}],"wp:featuredmedia":[{"embeddable":true,"href":"https:\/\/www.europesays.com\/de\/wp-json\/wp\/v2\/media\/1266941"}],"wp:attachment":[{"href":"https:\/\/www.europesays.com\/de\/wp-json\/wp\/v2\/media?parent=1277731"}],"wp:term":[{"taxonomy":"category","embeddable":true,"href":"https:\/\/www.europesays.com\/de\/wp-json\/wp\/v2\/categories?post=1277731"},{"taxonomy":"post_tag","embeddable":true,"href":"https:\/\/www.europesays.com\/de\/wp-json\/wp\/v2\/tags?post=1277731"}],"curies":[{"name":"wp","href":"https:\/\/api.w.org\/{rel}","templated":true}]}}