{"id":1277739,"date":"2026-09-03T09:00:21","date_gmt":"2026-09-03T09:00:21","guid":{"rendered":"https:\/\/www.europesays.com\/de\/1277739\/"},"modified":"2026-09-03T09:00:21","modified_gmt":"2026-09-03T09:00:21","slug":"40-jahre-matratzen-concord-vom-abholmarkt-in-koeln-zum-schlafspezialisten-in","status":"publish","type":"post","link":"https:\/\/www.europesays.com\/de\/1277739\/","title":{"rendered":"40 Jahre Matratzen Concord \/ Vom Abholmarkt in K\u00f6ln zum Schlafspezialisten in &#8230;"},"content":{"rendered":"<p class=\"date\">03.09.2026 \u2013 10:20<\/p>\n<p class=\"customer\">\n                        <a class=\"story-customer\" title=\"weiter zum newsroom von Matratzen Concord\" href=\"https:\/\/www.presseportal.de\/nr\/182229\" rel=\"nofollow noopener\" target=\"_blank\">Matratzen Concord<\/a>\n                    <\/p>\n<p><a class=\"glightbox event-trigger\" href=\"https:\/\/cache.pressmailing.net\/thumbnail\/story_hires\/da6c1f32-7446-42c7-8329-c9411ad0f863\/MC_Matratzen_Concord_Jubilaeum_03.jpg.jpg\" data-description=\"40 Jahre Matratzen Concord, 40 Jahre Leidenschaft f\u00fcr guten Schlaf zu fairen Preisen \/ Weiterer Text \u00fcber ots und www.presseportal.de\/nr\/182229 \/ Die Verwendung dieses Bildes f\u00fcr redaktionelle Zwecke ist unter Beachtung aller mitgeteilten Nutzungsbedingungen zul\u00e4ssig und dann auch honorarfrei. Ver\u00f6ffentlichung ausschlie\u00dflich mit Bildrechte-Hinweis.\" data-category=\"medialightbox\" data-action=\"click\" data-label=\"single\" data-value=\"6a992c59270000fd2cc63764\" rel=\"nofollow noopener\" target=\"_blank\"><img decoding=\"async\" height=\"540\" with=\"720\" src=\"https:\/\/www.europesays.com\/de\/wp-content\/uploads\/2026\/09\/40-jahre-matratzen-concord-vom-abholmarkt-in-k-ln-zum-schlafspezialisten-in-deutschland-sterreich-un.jpeg\"   alt=\"40 Jahre Matratzen Concord \/ Vom Abholmarkt in K\u00f6ln zum Schlafspezialisten in Deutschland, \u00d6sterreich und der Schweiz\" class=\"single\"\/><\/a><\/p>\n<p><a data-category=\"citylink-story-view\" data-action=\"click\" data-label=\"Citylink in Meldungsansicht\" class=\"story-city event-trigger\" href=\"https:\/\/www.presseportal.de\/regional\/K%F6ln\" title=\"News aus K\u00f6ln \" rel=\"nofollow noopener\" target=\"_blank\">K\u00f6ln<\/a> (ots)<\/p>\n<p><b>40 Jahre Matratzen Concord, vier Jahrzehnte Leidenschaft f\u00fcr guten Schlaf zu fairen Preisen. Was 1986 mit dem ersten Matratzen-Abholmarkt in K\u00f6ln begann, ist heute Europas gr\u00f6\u00dfter Spezialist f\u00fcr Matratzen und Schlafkomfort mit rund 550 Filialen in Deutschland, \u00d6sterreich und der Schweiz sowie Onlineshops in allen drei L\u00e4ndern. Im Mittelpunkt stehen dabei immer eine kompetente, pers\u00f6nliche Beratung und ein \u00fcberzeugendes Preis-Leistungs-Verh\u00e4ltnis.<\/b><\/p>\n<p> Happy Birthday, Matratzen Concord! Im Gr\u00fcndungsjahr 1986 ver\u00e4nderte das Unternehmen eine komplette Branche: Anders als bei gehobenen Bettenfachgesch\u00e4ften konnte man bei &#8222;Matratzen Markt Concord&#8220; hochwertige Matratzen direkt zu g\u00fcnstigen Preisen mitnehmen. <\/p>\n<p> In den darauffolgenden Jahren folgte schon bald die bundesweite Marktf\u00fchrerschaft als Fachdiscounter. Bereits 1995 z\u00e4hlte Matratzen Concord mehr als 100 Filialen in ganz Deutschland, 1998 \u00fcber 200. Mit der \u00dcbernahme durch die niederl\u00e4ndische Beter Bed Holding begann die weitere Expansion nach \u00d6sterreich und in die Schweiz. 2005 erreichte das Unternehmen mit mehr als 850 Standorten den H\u00f6hepunkt seiner Expansion und war Europas gr\u00f6\u00dfte Matratzenkette. 2013 folgte mit den Onlineshops der Schritt in die digitale Welt und ab 2016 wurde das Sortiment mit Betten und Boxspringl\u00f6sungen zur umfassenden Schlafwelt erweitert. <\/p>\n<p> Die Grundidee von Matratzen Concord ist bis heute dieselbe: Guter Schlaf soll f\u00fcr jeden einfach zug\u00e4nglich sein. Mit hochwertigen Produkten zu attraktiven Preisen und einem unkomplizierten Einkaufserlebnis. Dabei steht online wie offline die pers\u00f6nliche Beratung an erster Stelle: Kund:innen werden nach individuellen Vorlieben, K\u00f6rperbau und Liegegewohnheiten zur besten Schlafl\u00f6sung gebracht. Aus Liebe zu gutem Schlaf. <\/p>\n<p> Zum Jubil\u00e4um bedankt sich Matratzen Concord bei seinen Kund:innen unter dem Motto &#8222;Wir feiern &#8211; Sie sparen&#8220;: Mit besonderen Aktionen in den Filialen und im Onlineshop sowie einem Gewinnspiel, bei dem Eink\u00e4ufe zur\u00fcckerstattet werden k\u00f6nnen. Au\u00dferdem r\u00e4umt das Unternehmen in den sozialen Medien mit bekannten Mythen rund um Matratzen Concord auf: <\/p>\n<p> <a target=\"_blank\" class=\"uri-ext outbound\" rel=\"noopener nofollow\" href=\"https:\/\/www.matratzen-concord.de\/ueber-uns\/jubilaeum\/\">https:\/\/www.matratzen-concord.de\/ueber-uns\/jubilaeum\/<\/a><\/p>\n<p> <a target=\"_blank\" class=\"uri-ext outbound\" rel=\"noopener nofollow\" href=\"http:\/\/www.instagram.com\/matratzen.concord\">http:\/\/www.instagram.com\/matratzen.concord<\/a><\/p>\n<p class=\"contact-headline\">Pressekontakt:<\/p>\n<p class=\"contact-text\">Matratzen Concord GmbH<br \/>Horbeller Str. 11<br \/>D-50858 K\u00f6ln<br \/><a href=\"https:\/\/www.presseportal.de\/pm\/182229\/mailto:presse@matratzen-concord.de\" class=\"uri-mailto\" rel=\"nofollow noopener\" target=\"_blank\">presse@matratzen-concord.de<\/a><\/p>\n<p class=\"originator\">Original-Content von: Matratzen Concord, \u00fcbermittelt durch news aktuell<\/p>\n<p>                <script async src=\"\/\/www.instagram.com\/embed.js\"><\/script><\/p>\n","protected":false},"excerpt":{"rendered":"03.09.2026 \u2013 10:20 Matratzen Concord K\u00f6ln (ots) 40 Jahre Matratzen Concord, vier Jahrzehnte Leidenschaft f\u00fcr guten Schlaf zu&hellip;\n","protected":false},"author":2,"featured_media":1277740,"comment_status":"","ping_status":"","sticky":false,"template":"","format":"standard","meta":{"footnotes":"","_share_on_mastodon":"0"},"categories":[1828],"tags":[3477,29,30,3986,17762,1420,250023,1209,178,180,179,181,1463],"class_list":["post-1277739","post","type-post","status-publish","format-standard","has-post-thumbnail","category-koeln","tag-bild","tag-deutschland","tag-germany","tag-handel","tag-jubilum","tag-koeln","tag-matratzen","tag-nordrhein-westfalen","tag-presse","tag-pressemeldung","tag-pressemitteilung","tag-pressemitteilungen","tag-wohnen"],"share_on_mastodon":{"url":"https:\/\/pubeurope.com\/@de\/117206296434814865","error":""},"_links":{"self":[{"href":"https:\/\/www.europesays.com\/de\/wp-json\/wp\/v2\/posts\/1277739","targetHints":{"allow":["GET"]}}],"collection":[{"href":"https:\/\/www.europesays.com\/de\/wp-json\/wp\/v2\/posts"}],"about":[{"href":"https:\/\/www.europesays.com\/de\/wp-json\/wp\/v2\/types\/post"}],"author":[{"embeddable":true,"href":"https:\/\/www.europesays.com\/de\/wp-json\/wp\/v2\/users\/2"}],"replies":[{"embeddable":true,"href":"https:\/\/www.europesays.com\/de\/wp-json\/wp\/v2\/comments?post=1277739"}],"version-history":[{"count":0,"href":"https:\/\/www.europesays.com\/de\/wp-json\/wp\/v2\/posts\/1277739\/revisions"}],"wp:featuredmedia":[{"embeddable":true,"href":"https:\/\/www.europesays.com\/de\/wp-json\/wp\/v2\/media\/1277740"}],"wp:attachment":[{"href":"https:\/\/www.europesays.com\/de\/wp-json\/wp\/v2\/media?parent=1277739"}],"wp:term":[{"taxonomy":"category","embeddable":true,"href":"https:\/\/www.europesays.com\/de\/wp-json\/wp\/v2\/categories?post=1277739"},{"taxonomy":"post_tag","embeddable":true,"href":"https:\/\/www.europesays.com\/de\/wp-json\/wp\/v2\/tags?post=1277739"}],"curies":[{"name":"wp","href":"https:\/\/api.w.org\/{rel}","templated":true}]}}