{"id":1277745,"date":"2026-09-03T09:03:20","date_gmt":"2026-09-03T09:03:20","guid":{"rendered":"https:\/\/www.europesays.com\/de\/1277745\/"},"modified":"2026-09-03T09:03:20","modified_gmt":"2026-09-03T09:03:20","slug":"wind-und-regen-im-norden-wann-die-schauer-nachlassen","status":"publish","type":"post","link":"https:\/\/www.europesays.com\/de\/1277745\/","title":{"rendered":"Wind und Regen im Norden &#8211; Wann die Schauer nachlassen"},"content":{"rendered":"<p _ngcontent-sc113=\"\"> 03. September 2026 \u2013 Isabell W\u00fcppenhorst <\/p>\n<p _ngcontent-sc113=\"\">Tr\u00fcbes Wetter und Schluss mit sommerlichen Temperaturen in Hamburg und Schleswig-Holstein. Wie sich der nasse Tag in den n\u00f6rdlichen Bundesl\u00e4ndern entwickelt.<\/p>\n<p _ngcontent-sc85=\"\" align=\"false\">In Hamburg und Schleswig-Holstein kommt es am Donnerstag zu Regen und Gewittern. Bereits am Morgen warnt der Deutsche Wetterdienst (DWD) an der Nordseek\u00fcste vor starken Windb\u00f6en. Diese sollen im Laufe des Tages auch an der Ostseek\u00fcste und im Binnenland zu sp\u00fcren sein. Teilweise k\u00f6nne es an den K\u00fcsten auch st\u00fcrmisch werden.<\/p>\n<p>Dauerregen am Freitag m\u00f6glich<\/p>\n<p _ngcontent-sc85=\"\" align=\"false\">Im Laufe des Tages (03.09.) komme es zeitweise zu Regenschauern, die vereinzelt von Gewittern begleitet werden. Dabei sei auch Starkregen m\u00f6glich. Auch sonst bleibe der Himmel wolkig. Der DWD rechnet mit H\u00f6chsttemperaturen um 21 Grad. Gegen Abend sollen die Regenschauer und Gewitter abklingen. Bereits in der Nacht ziehen dann aber wieder Regenwolken ein. Am Freitag k\u00f6nne es sogar zu Dauerregen kommen.<\/p>\n<p>Das beste Wetter f\u00fcr den Norden <\/p>\n<p _ngcontent-sc85=\"\" align=\"false\">Wie das Wetter genau in der Nacht und am Morgen wird, h\u00f6rt ihr nat\u00fcrlich immer ganz aktuell um Halb und Voll im Radio Hamburg Wetterservice. H\u00f6rt doch unbedingt mal rein, um genau zu wissen, wie das Wetter bei euch vor der T\u00fcr wird. Geht am einfachsten mit dem Webplayer hier auf der Seite oder aber <a _ngcontent-sc132=\"\" target=\"_blank\" href=\"https:\/\/www.radiohamburg.de\/programm\/frequenzen\/Streamen-%C3%BCber-die-App-id388032.html\" rel=\"nofollow noopener\">\u00fcber die Radio Hamburg App.<\/a><\/p>\n<p><img decoding=\"async\" _ngcontent-sc129=\"\" class=\"\" src=\"https:\/\/www.europesays.com\/de\/wp-content\/uploads\/2025\/04\/app.jpg\" alt=\"App, App Store, iOS, Play Store, Google\" title=\"App, App Store, iOS, Play Store, Google\"\/><\/p>\n<p>Foto: Bloomicon \/ Shutterstock.com<\/p>\n<p> F\u00fcr iOS &amp; Android <\/p>\n<p>Holt euch die kostenlose Radio Hamburg App<\/p>\n<p _ngcontent-sc85=\"\" align=\"false\">H\u00f6rt uns an jedem Ort auf der Welt in bester Qualit\u00e4t &amp; st\u00f6rungsfrei \u00fcber unsere kostenlose App. Holt sie euch jetzt f\u00fcr Android oder iOS.<\/p>\n","protected":false},"excerpt":{"rendered":"03. September 2026 \u2013 Isabell W\u00fcppenhorst Tr\u00fcbes Wetter und Schluss mit sommerlichen Temperaturen in Hamburg und Schleswig-Holstein. Wie&hellip;\n","protected":false},"author":2,"featured_media":1277746,"comment_status":"","ping_status":"","sticky":false,"template":"","format":"standard","meta":{"footnotes":"","_share_on_mastodon":"0"},"categories":[1826],"tags":[950,29,30,692,263637,10328,1971,16051,1973,2255,19107],"class_list":["post-1277745","post","type-post","status-publish","format-standard","has-post-thumbnail","category-hamburg","tag-deutscher-wetterdienst","tag-deutschland","tag-germany","tag-hamburg","tag-norddeutsche-bundeslaender","tag-regen","tag-schleswig-holstein","tag-starkregen","tag-wetter","tag-wettervorhersage","tag-wind"],"share_on_mastodon":{"url":"https:\/\/pubeurope.com\/@de\/117206308302834586","error":""},"_links":{"self":[{"href":"https:\/\/www.europesays.com\/de\/wp-json\/wp\/v2\/posts\/1277745","targetHints":{"allow":["GET"]}}],"collection":[{"href":"https:\/\/www.europesays.com\/de\/wp-json\/wp\/v2\/posts"}],"about":[{"href":"https:\/\/www.europesays.com\/de\/wp-json\/wp\/v2\/types\/post"}],"author":[{"embeddable":true,"href":"https:\/\/www.europesays.com\/de\/wp-json\/wp\/v2\/users\/2"}],"replies":[{"embeddable":true,"href":"https:\/\/www.europesays.com\/de\/wp-json\/wp\/v2\/comments?post=1277745"}],"version-history":[{"count":0,"href":"https:\/\/www.europesays.com\/de\/wp-json\/wp\/v2\/posts\/1277745\/revisions"}],"wp:featuredmedia":[{"embeddable":true,"href":"https:\/\/www.europesays.com\/de\/wp-json\/wp\/v2\/media\/1277746"}],"wp:attachment":[{"href":"https:\/\/www.europesays.com\/de\/wp-json\/wp\/v2\/media?parent=1277745"}],"wp:term":[{"taxonomy":"category","embeddable":true,"href":"https:\/\/www.europesays.com\/de\/wp-json\/wp\/v2\/categories?post=1277745"},{"taxonomy":"post_tag","embeddable":true,"href":"https:\/\/www.europesays.com\/de\/wp-json\/wp\/v2\/tags?post=1277745"}],"curies":[{"name":"wp","href":"https:\/\/api.w.org\/{rel}","templated":true}]}}