{"id":1277747,"date":"2026-09-03T09:04:17","date_gmt":"2026-09-03T09:04:17","guid":{"rendered":"https:\/\/www.europesays.com\/de\/1277747\/"},"modified":"2026-09-03T09:04:17","modified_gmt":"2026-09-03T09:04:17","slug":"neu-eroeffnetes-hotel-the-niu-in-hamburg-beherbergt-nur-noch-gefluechtete","status":"publish","type":"post","link":"https:\/\/www.europesays.com\/de\/1277747\/","title":{"rendered":"Neu er\u00f6ffnetes Hotel &#8222;The Niu&#8220; in Hamburg beherbergt nur noch Gefl\u00fcchtete"},"content":{"rendered":"<p>Anwohner f\u00fchlen sich hintergangenNeu er\u00f6ffnetes Hotel beherbergt nur noch Gefl\u00fcchtete03.09.2026, 10:30 Uhr<\/p>\n<p class=\"Typography_text-m__XI0da Typography_weight-normal__pqUbH\">Statt Urlauber ziehen bis zu 340 Ukrainer in das erst im Fr\u00fchjahr er\u00f6ffnete Hotel &#8222;The Niu&#8220; im Harburger Binnenhafen in Hamburg ein. Nachbarn und Gr\u00fcne kritisieren die fehlende Kommunikation der Sozialbeh\u00f6rde. Ein Gastronom warnt vor wachsender Politikverdrossenheit in der Nachbarschaft.<\/p>\n","protected":false},"excerpt":{"rendered":"Anwohner f\u00fchlen sich hintergangenNeu er\u00f6ffnetes Hotel beherbergt nur noch Gefl\u00fcchtete03.09.2026, 10:30 Uhr Statt Urlauber ziehen bis zu 340&hellip;\n","protected":false},"author":2,"featured_media":1277748,"comment_status":"","ping_status":"","sticky":false,"template":"","format":"standard","meta":{"footnotes":"","_share_on_mastodon":"0"},"categories":[1826],"tags":[29,5249,30,692,382],"class_list":["post-1277747","post","type-post","status-publish","format-standard","has-post-thumbnail","category-hamburg","tag-deutschland","tag-fluechtlinge","tag-germany","tag-hamburg","tag-migration"],"share_on_mastodon":{"url":"https:\/\/pubeurope.com\/@de\/117206310481363956","error":""},"_links":{"self":[{"href":"https:\/\/www.europesays.com\/de\/wp-json\/wp\/v2\/posts\/1277747","targetHints":{"allow":["GET"]}}],"collection":[{"href":"https:\/\/www.europesays.com\/de\/wp-json\/wp\/v2\/posts"}],"about":[{"href":"https:\/\/www.europesays.com\/de\/wp-json\/wp\/v2\/types\/post"}],"author":[{"embeddable":true,"href":"https:\/\/www.europesays.com\/de\/wp-json\/wp\/v2\/users\/2"}],"replies":[{"embeddable":true,"href":"https:\/\/www.europesays.com\/de\/wp-json\/wp\/v2\/comments?post=1277747"}],"version-history":[{"count":0,"href":"https:\/\/www.europesays.com\/de\/wp-json\/wp\/v2\/posts\/1277747\/revisions"}],"wp:featuredmedia":[{"embeddable":true,"href":"https:\/\/www.europesays.com\/de\/wp-json\/wp\/v2\/media\/1277748"}],"wp:attachment":[{"href":"https:\/\/www.europesays.com\/de\/wp-json\/wp\/v2\/media?parent=1277747"}],"wp:term":[{"taxonomy":"category","embeddable":true,"href":"https:\/\/www.europesays.com\/de\/wp-json\/wp\/v2\/categories?post=1277747"},{"taxonomy":"post_tag","embeddable":true,"href":"https:\/\/www.europesays.com\/de\/wp-json\/wp\/v2\/tags?post=1277747"}],"curies":[{"name":"wp","href":"https:\/\/api.w.org\/{rel}","templated":true}]}}