{"id":1277769,"date":"2026-09-03T09:16:20","date_gmt":"2026-09-03T09:16:20","guid":{"rendered":"https:\/\/www.europesays.com\/de\/1277769\/"},"modified":"2026-09-03T09:16:20","modified_gmt":"2026-09-03T09:16:20","slug":"vorschau-milf-ferien-mit-happy-end-spielfilm-frankreich-2018-milf","status":"publish","type":"post","link":"https:\/\/www.europesays.com\/de\/1277769\/","title":{"rendered":"Vorschau: MILF &#8211; Ferien mit Happy End \u2022 Spielfilm Frankreich 2018 (MILF)"},"content":{"rendered":"<p class=\"b16dr9wg bfd8n01\">Ausstrahlung auch im franz\u00f6sischen Originalton&#13;<br \/>\n&#13;<br \/>\nDer provokante Titel t\u00e4uscht: &#8218;MILF &#8211; Ferien mit Happy End&#8216; ist keine laute Klamauk Kom\u00f6die, sondern ein warmer, selbstironischer Film \u00fcber Freundschaft und Neuanf\u00e4nge. Drei langj\u00e4hrige Freundinnen in der Lebensmitte verbringen einen Sommerurlaub in S\u00fcdfrankreich, der sie mit neuen Begegnungen und alten Fragen konfrontiert. Mit Charme und Humor erz\u00e4hlt Regisseurin Axelle Laffont von Selbstzweifeln, Rollenbildern und dem Mut, das eigene Leben neu zu betrachten. Ein leichtes, lebensnahes Feel Good Movie &#8211; sonnig, klug und sympathisch.<\/p>\n<p><strong>Besetzung:<\/strong><br \/>\u00c9lise: Axelle Laffont<br \/>\nC\u00e9cile: Virginie Ledoyen<br \/>\nSonia: Marie-Jos\u00e9e Croze<br \/>\nPaul: Wa\u00ebl Sersoub<br \/>\nJulien: Matthias Dandois<br \/>\nMarkus: Victor Meutelet<br \/>\nThomas: R\u00e9mi Pedevilla<br \/>\nMarie Christine: Florence Thomassin<br \/>\nLouise: J\u00e9romine Chasseriaud<br \/>\nMaya: Pauline Bression<\/p>\n<p><strong>Mitwirkende:<\/strong><br \/>Kamera: Pierre A\u00efm<br \/>\nRegie: Axelle Laffont<br \/>\nMusik: Benjamin Molinaro<br \/>\nDrehbuch: Lilou Fogli<br \/>\nDrehbuch: David Lanzmann<br \/>\nDrehbuch: Jonathan Cohen<br \/>\nDrehbuch: Alain Layrac<br \/>\nDrehbuch: Jean-Fran\u00e7ois Halin<br \/>\nDrehbuch: Axelle Laffont<br \/>\nDrehbuch: St\u00e9phane Kramer<br \/>\nDrehbuch: J\u00e9r\u00f4me Lhotsky<\/p>\n<p><strong>Bildquelle:<\/strong> WDR<\/p>\n","protected":false},"excerpt":{"rendered":"Ausstrahlung auch im franz\u00f6sischen Originalton&#13; &#13; Der provokante Titel t\u00e4uscht: &#8218;MILF &#8211; Ferien mit Happy End&#8216; ist keine&hellip;\n","protected":false},"author":2,"featured_media":1277770,"comment_status":"","ping_status":"","sticky":false,"template":"","format":"standard","meta":{"footnotes":"","_share_on_mastodon":"0"},"categories":[1771],"tags":[1778,29,214,30,95,1777,215],"class_list":["post-1277769","post","type-post","status-publish","format-standard","has-post-thumbnail","category-kino","tag-cinema","tag-deutschland","tag-entertainment","tag-germany","tag-kino","tag-movie","tag-unterhaltung"],"share_on_mastodon":{"url":"https:\/\/pubeurope.com\/@de\/117206357396467834","error":""},"_links":{"self":[{"href":"https:\/\/www.europesays.com\/de\/wp-json\/wp\/v2\/posts\/1277769","targetHints":{"allow":["GET"]}}],"collection":[{"href":"https:\/\/www.europesays.com\/de\/wp-json\/wp\/v2\/posts"}],"about":[{"href":"https:\/\/www.europesays.com\/de\/wp-json\/wp\/v2\/types\/post"}],"author":[{"embeddable":true,"href":"https:\/\/www.europesays.com\/de\/wp-json\/wp\/v2\/users\/2"}],"replies":[{"embeddable":true,"href":"https:\/\/www.europesays.com\/de\/wp-json\/wp\/v2\/comments?post=1277769"}],"version-history":[{"count":0,"href":"https:\/\/www.europesays.com\/de\/wp-json\/wp\/v2\/posts\/1277769\/revisions"}],"wp:featuredmedia":[{"embeddable":true,"href":"https:\/\/www.europesays.com\/de\/wp-json\/wp\/v2\/media\/1277770"}],"wp:attachment":[{"href":"https:\/\/www.europesays.com\/de\/wp-json\/wp\/v2\/media?parent=1277769"}],"wp:term":[{"taxonomy":"category","embeddable":true,"href":"https:\/\/www.europesays.com\/de\/wp-json\/wp\/v2\/categories?post=1277769"},{"taxonomy":"post_tag","embeddable":true,"href":"https:\/\/www.europesays.com\/de\/wp-json\/wp\/v2\/tags?post=1277769"}],"curies":[{"name":"wp","href":"https:\/\/api.w.org\/{rel}","templated":true}]}}