{"id":1277782,"date":"2026-09-03T09:24:19","date_gmt":"2026-09-03T09:24:19","guid":{"rendered":"https:\/\/www.europesays.com\/de\/1277782\/"},"modified":"2026-09-03T09:24:19","modified_gmt":"2026-09-03T09:24:19","slug":"bodo-ramelow-linken-politiker-zieht-es-nach-italien-mit-meiner-besseren-haelfte","status":"publish","type":"post","link":"https:\/\/www.europesays.com\/de\/1277782\/","title":{"rendered":"Bodo Ramelow: Linken-Politiker zieht es nach Italien \u2013 \u201emit meiner besseren H\u00e4lfte\u201c"},"content":{"rendered":"<p>Bundestags-Vizepr\u00e4sident Bodo Ramelow will in den S\u00fcden: Der Linken-Politiker nimmt sich einen Zweitwohnsitz in Meran. Grund ist seine Frau, und auch die Arbeit mit einem 2000 Quadratmeter Waldgrundst\u00fcck in Th\u00fcringen.<\/p>\n<p class=\"c-inline-alert__description\">Klicken Sie hier, um sich Artikel von WELT in der Google-Suche bevorzugt anzeigen zu lassen.<\/p>\n<p class=\"is-first-paragraph\" data-external=\"Article.FirstParagraph\">S\u00fcdtiroler Berge statt Saaletalsperre: Th\u00fcringens Ex-Ministerpr\u00e4sident <a class=\"is-link c-block-items__link c-link--rich-text-renderer\" href=\"https:\/\/www.welt.de\/themen\/bodo-ramelow\/\" data-internal-tracking-enabled=\"true\" data-internal-tracking=\"{&quot;action&quot;:&quot;click&quot;,&quot;label&quot;:&quot;link&quot;,&quot;name&quot;:&quot;Inline Element&quot;,&quot;data&quot;:{&quot;source&quot;:&quot;&quot;,&quot;target&quot;:&quot;https:\/\/www.welt.de\/themen\/bodo-ramelow\/&quot;,&quot;trackingName&quot;:&quot;&quot;,&quot;trackingLabel&quot;:&quot;&quot;}}\" rel=\"nofollow noopener\" target=\"_blank\">Bodo Ramelow<\/a> (70) verkauft sein Ferienhaus am Bleilochstausee in Ostth\u00fcringen, um mehr Zeit in einer Mietwohnung in Meran verbringen zu k\u00f6nnen.<\/p>\n<p>\u201eIch verlege einen Teil meines Lebens mit meiner besseren H\u00e4lfte nach Italien\u201c, sagte Ramelow der Deutschen Presse-Agentur in Erfurt. Zuerst hatten die Zeitungen von Funke Th\u00fcringen \u00fcber den Verkauf von Ramelows Feriendomizil an einer der gro\u00dfen Saaletalsperren berichtet.<\/p>\n<p>Ein Grund sei auch, dass seine Frau, eine geb\u00fcrtige Italienerin, wieder mehr ihre Muttersprache sprechen wolle, berichtete Ramelow. In Meran seien sie in den vergangenen Jahren bereits oft im Urlaub gewesen. Es sei die Entscheidung gefallen, das aufwendig zu bewirtschaftende, etwa 2000 Quadratmeter gro\u00dfe Waldgrundst\u00fcck in Th\u00fcringen gegen eine Mietwohnung in der Stadt in S\u00fcdtirol zu tauschen.<\/p>\n<p>Ramelow bekr\u00e4ftigte, dass sich an seinem Hauptwohnsitz Erfurt nichts \u00e4ndern werde. \u201eIch bin Erfurter, ich bleibe Erfurter.\u201c Das gelte auch nach dem Ende seines Bundestagsmandates. F\u00fcr ihn sei die laufende Legislaturperiode im Bundestag die letzte. Er werde sich danach nicht erneut um ein politisches Mandat bewerben, bekr\u00e4ftigte der Linke-Politiker.<\/p>\n<p>Ramelow war von 2014 bis 2024 Ministerpr\u00e4sident von Th\u00fcringen. Seit 2025 ist er erneut Mitglied des Bundestages, dem er bereits von 2005 bis 2009 f\u00fcr vier Jahre angeh\u00f6rte. Er ist einer der Vizepr\u00e4sidenten des Parlaments. Der gelernte Einzelhandelskaufmann und Gewerkschafter kam nach der Wiedervereinigung aus Hessen nach Th\u00fcringen und trat dort 1999 in die Linken-Vorg\u00e4ngerpartei PDS ein.<\/p>\n<p>dpa\/sebe<\/p>\n","protected":false},"excerpt":{"rendered":"Bundestags-Vizepr\u00e4sident Bodo Ramelow will in den S\u00fcden: Der Linken-Politiker nimmt sich einen Zweitwohnsitz in Meran. Grund ist seine&hellip;\n","protected":false},"author":2,"featured_media":1277783,"comment_status":"","ping_status":"","sticky":false,"template":"","format":"standard","meta":{"footnotes":"","_share_on_mastodon":"0"},"categories":[2],"tags":[100645,29,536,30,13,355,14,15,250153,110,100644,12,19318,45,10,8,9,11],"class_list":["post-1277782","post","type-post","status-publish","format-standard","has-post-thumbnail","category-deutschland","tag-bodo","tag-deutschland","tag-die-linke","tag-germany","tag-headlines","tag-italien","tag-nachrichten","tag-news","tag-newsos-import-welt","tag-newsteam","tag-ramelow","tag-schlagzeilen","tag-suedtirol","tag-texttospeech","tag-top-news","tag-top-meldungen","tag-topmeldungen","tag-topnews"],"share_on_mastodon":{"url":"https:\/\/pubeurope.com\/@de\/117206388794047023","error":""},"_links":{"self":[{"href":"https:\/\/www.europesays.com\/de\/wp-json\/wp\/v2\/posts\/1277782","targetHints":{"allow":["GET"]}}],"collection":[{"href":"https:\/\/www.europesays.com\/de\/wp-json\/wp\/v2\/posts"}],"about":[{"href":"https:\/\/www.europesays.com\/de\/wp-json\/wp\/v2\/types\/post"}],"author":[{"embeddable":true,"href":"https:\/\/www.europesays.com\/de\/wp-json\/wp\/v2\/users\/2"}],"replies":[{"embeddable":true,"href":"https:\/\/www.europesays.com\/de\/wp-json\/wp\/v2\/comments?post=1277782"}],"version-history":[{"count":0,"href":"https:\/\/www.europesays.com\/de\/wp-json\/wp\/v2\/posts\/1277782\/revisions"}],"wp:featuredmedia":[{"embeddable":true,"href":"https:\/\/www.europesays.com\/de\/wp-json\/wp\/v2\/media\/1277783"}],"wp:attachment":[{"href":"https:\/\/www.europesays.com\/de\/wp-json\/wp\/v2\/media?parent=1277782"}],"wp:term":[{"taxonomy":"category","embeddable":true,"href":"https:\/\/www.europesays.com\/de\/wp-json\/wp\/v2\/categories?post=1277782"},{"taxonomy":"post_tag","embeddable":true,"href":"https:\/\/www.europesays.com\/de\/wp-json\/wp\/v2\/tags?post=1277782"}],"curies":[{"name":"wp","href":"https:\/\/api.w.org\/{rel}","templated":true}]}}