{"id":1277784,"date":"2026-09-03T09:25:16","date_gmt":"2026-09-03T09:25:16","guid":{"rendered":"https:\/\/www.europesays.com\/de\/1277784\/"},"modified":"2026-09-03T09:25:16","modified_gmt":"2026-09-03T09:25:16","slug":"wolfsburg-und-frankfurt-verpassen-champions-league-rueckschlag-fuer-deutschen-fussball","status":"publish","type":"post","link":"https:\/\/www.europesays.com\/de\/1277784\/","title":{"rendered":"Wolfsburg und Frankfurt verpassen Champions League &#8211; R\u00fcckschlag f\u00fcr deutschen Fu\u00dfball"},"content":{"rendered":"<p>F\u00fcr Eintracht Frankfurt hatte sich die verpasste Qualifikation zur Champions League bereits im Hinspiel gegen PSG abgezeichnet. Neben den Hessinnen scheiterte nun auch Wolfsburg. Der VfL schied auf dramatische Weise aus.<\/p>\n<p class=\"c-inline-alert__description\">Klicken Sie hier, um sich Artikel von WELT in der Google-Suche bevorzugt anzeigen zu lassen.<\/p>\n<p class=\"is-first-paragraph\" data-external=\"Article.FirstParagraph\">Die Fu\u00dfballerinnen des VfL Wolfsburg haben die Champions League nach einem verlorenen Elfmeterschie\u00dfen verpasst. Mailands Torh\u00fcterin Cecilia Ran Runarsdottir parierte vom Punkt gegen Mara Alber, ehe Ivana Andres Inter in die K\u00f6nigsklasse schoss \u2013 auch Eintracht Frankfurt verpasste diesen Schritt. Das hessische Team um Kapit\u00e4nin Laura Freigang spielt nach dem 1:5 (1:1, 0:1) nach Verl\u00e4ngerung bei Paris Saint-Germain im Qualifikationsr\u00fcckspiel wieder nur im Europa-Cup.<\/p>\n<p>Die VfL-Frauen zitterten sich nach dem 2:0 im Hinspiel erst in die Verl\u00e4ngerung. Doch auch da reichte ein Treffer nicht zum Weiterkommen. Mit einem 4:5 im Elfmeterschie\u00dfen kam das Aus f\u00fcr die K\u00f6nigsklasse. Nach 120 Minuten hatte es 1:3 (1:1, 0:1) gestanden.<\/p>\n<p>Bei <a class=\"is-link c-block-items__link c-link--rich-text-renderer\" href=\"https:\/\/www.welt.de\/themen\/inter-mailand\/\" data-internal-tracking-enabled=\"true\" data-internal-tracking=\"{&quot;action&quot;:&quot;click&quot;,&quot;label&quot;:&quot;link&quot;,&quot;name&quot;:&quot;Inline Element&quot;,&quot;data&quot;:{&quot;source&quot;:&quot;&quot;,&quot;target&quot;:&quot;https:\/\/www.welt.de\/themen\/inter-mailand\/&quot;,&quot;trackingName&quot;:&quot;&quot;,&quot;trackingLabel&quot;:&quot;&quot;}}\" rel=\"nofollow noopener\" target=\"_blank\">Inter Mailand<\/a> im R\u00fcckspiel lief bei \u00fcber 30 Grad Celsius wenig zusammen. In Halbzeit eins fand der VfL offensiv kaum statt. So war die F\u00fchrung durch Elisa Bartoli (39. Minute) verdient. Erst nach einer Steigerung in Halbzeit zwei erspielten sich die G\u00e4ste einige Chancen. Die ehemalige deutsche Nationalspielerin Lina Magull, die im Hinspiel verletzt fehlte, wurde dann bei Inter nach einer Stunde eingewechselt.<\/p>\n<p>Elisa Polli (84.) erh\u00f6hte auf 2:0 und brachte die Italienerinnen in die Verl\u00e4ngerung. Dort bugsierte Weronika Arasniewicz (111.) eine Huth-Flanke gl\u00fccklich f\u00fcr den deutschen Vizemeister \u00fcber die Linie. Auch das reichte nicht: Marija Milinkovic (120.+1) h\u00e4mmerte den Ball aus Nahdistanz zum 3:1 rein \u2013 Elfmeterschie\u00dfen.<\/p>\n<p>Frankfurt scheitert in der Verl\u00e4ngerung<\/p>\n<p>Frankfurt hatte schon durch das 1:1 im Hinspiel gegen Inter keine besonders gute Ausgangsposition. Zudem fehlte auf dem PSG-Campus Nationalst\u00fcrmerin und Neuzugang Larissa M\u00fchlhaus wegen einer Oberschenkelverletzung. Der Bundesliga-Dritte der vergangenen Saison lag nach einem Treffer per Konter von Merveille Kanjinga (36. Minute) schon fr\u00fch zur\u00fcck.<\/p>\n<p>Nach dem Wechsel wurde es noch schwerer, nachdem Eintrachts Hayley Raso (66.) die Gelb-Rote Karte sah. Dennoch gelang Rebecka Blomqvist (76.) der Ausgleich &#8211; und somit die Verl\u00e4ngerung. Doch erneut brachte Kanjinga (95.) ihr Team in F\u00fchrung, Sakina Karchaoui (105.\/113. Elfmeter) erh\u00f6hte per Doppelschlag weiter. Rasheedat Ajibade (120.+1) markierte den Endstand.<\/p>\n<p>lw\u00f6\/dpa<\/p>\n","protected":false},"excerpt":{"rendered":"F\u00fcr Eintracht Frankfurt hatte sich die verpasste Qualifikation zur Champions League bereits im Hinspiel gegen PSG abgezeichnet. Neben&hellip;\n","protected":false},"author":2,"featured_media":1276967,"comment_status":"","ping_status":"","sticky":false,"template":"","format":"standard","meta":{"footnotes":"","_share_on_mastodon":"0"},"categories":[5],"tags":[468,460,3173,13,9007,14,15,12836,12,45,10,8,9,11,931],"class_list":["post-1277784","post","type-post","status-publish","format-standard","has-post-thumbnail","category-nachrichten","tag-champions-league","tag-eintracht-frankfurt","tag-frauenfussball","tag-headlines","tag-inter-mailand","tag-nachrichten","tag-news","tag-paris-st-germain","tag-schlagzeilen","tag-texttospeech","tag-top-news","tag-top-meldungen","tag-topmeldungen","tag-topnews","tag-vfl-wolfsburg"],"share_on_mastodon":{"url":"https:\/\/pubeurope.com\/@de\/117206393016888138","error":""},"_links":{"self":[{"href":"https:\/\/www.europesays.com\/de\/wp-json\/wp\/v2\/posts\/1277784","targetHints":{"allow":["GET"]}}],"collection":[{"href":"https:\/\/www.europesays.com\/de\/wp-json\/wp\/v2\/posts"}],"about":[{"href":"https:\/\/www.europesays.com\/de\/wp-json\/wp\/v2\/types\/post"}],"author":[{"embeddable":true,"href":"https:\/\/www.europesays.com\/de\/wp-json\/wp\/v2\/users\/2"}],"replies":[{"embeddable":true,"href":"https:\/\/www.europesays.com\/de\/wp-json\/wp\/v2\/comments?post=1277784"}],"version-history":[{"count":0,"href":"https:\/\/www.europesays.com\/de\/wp-json\/wp\/v2\/posts\/1277784\/revisions"}],"wp:featuredmedia":[{"embeddable":true,"href":"https:\/\/www.europesays.com\/de\/wp-json\/wp\/v2\/media\/1276967"}],"wp:attachment":[{"href":"https:\/\/www.europesays.com\/de\/wp-json\/wp\/v2\/media?parent=1277784"}],"wp:term":[{"taxonomy":"category","embeddable":true,"href":"https:\/\/www.europesays.com\/de\/wp-json\/wp\/v2\/categories?post=1277784"},{"taxonomy":"post_tag","embeddable":true,"href":"https:\/\/www.europesays.com\/de\/wp-json\/wp\/v2\/tags?post=1277784"}],"curies":[{"name":"wp","href":"https:\/\/api.w.org\/{rel}","templated":true}]}}