{"id":1277793,"date":"2026-09-03T09:30:25","date_gmt":"2026-09-03T09:30:25","guid":{"rendered":"https:\/\/www.europesays.com\/de\/1277793\/"},"modified":"2026-09-03T09:30:25","modified_gmt":"2026-09-03T09:30:25","slug":"braunschweig-macht-fuers-magnifest-dicht-diese-strassen-sind-betroffen","status":"publish","type":"post","link":"https:\/\/www.europesays.com\/de\/1277793\/","title":{"rendered":"Braunschweig macht f\u00fcrs Magnifest dicht \u2013 diese Stra\u00dfen sind betroffen"},"content":{"rendered":"\n<p class=\"wp-block-paragraph\">Das Magnifest in Braunschweig steht vor der T\u00fcr \u2013 und es bringt einige Einschr\u00e4nkungen im Verkehr mit. Gro\u00dfe Teile des Magniviertels bleiben f\u00fcr Autofahrer gesperrt.<\/p>\n<p class=\"wp-block-paragraph\">Die Stadt empfiehlt Besuchern, m\u00f6glichst mit Bus und Bahn, dem Fahrrad oder zu Fu\u00df zum Fest zum Fest zu kommen. Wer trotzdem mit dem Auto anreist, sollte auf die Parkh\u00e4user in der Innenstadt ausweichen.<\/p>\n<blockquote class=\"wp-block-quote is-style-default is-layout-flow wp-block-quote-is-layout-flow\" style=\"padding-right:var(--wp--preset--spacing--60);padding-left:var(--wp--preset--spacing--60)\"><p> \ud83d\udccc Fakten zum Magnifest  <\/p>\n<ul class=\"wp-block-list has-small-font-size\">\n<li><strong>Gr\u00fcndung:<\/strong> Das Fest wurde 1974 von lokalen Gesch\u00e4ftsleuten als kleines B\u00fcrgerfest ins Leben gerufen.<br \/><strong>Termin:<\/strong> Es findet traditionell jedes Jahr am ersten Septemberwochenende statt.<br \/><strong>Dauer:<\/strong> Das Event erstreckt sich \u00fcber drei Tage (Freitag bis Sonntag).<br \/><strong>Besucherzahl:<\/strong> Das Fest lockt regelm\u00e4\u00dfig zwischen 100.000 und 150.000 Besucher (teilweise bis zu 200.000) in die Stadt.<br \/><strong>Eintritt:<\/strong> Der Zugang zum gesamten Festgel\u00e4nde ist f\u00fcr alle Besucher kostenlos<\/li>\n<\/ul>\n<\/blockquote>\n<p>\t\t Braunschweig sperrt Stra\u00dfen f\u00fcrs Magnifest <\/p>\n<p class=\"wp-block-paragraph\">Schon vor dem eigentlichen Fest wird es ernst. Seit Donnerstag (3. September) um 7 Uhr gelten in einem Teilbereich des Viertels f\u00fcr den Aufbau des Festes Haltverbote. Falsch abgestellte Autos k\u00f6nnen kostenpflichtig abgeschleppt werden \u2013 auch dann, wenn die Aufbauarbeiten noch gar nicht begonnen haben.<\/p>\n<p class=\"has-light-gray-background-color has-background wp-block-paragraph\"><strong>Auch interessant:<\/strong> <a href=\"https:\/\/www.news38.de\/braunschweig\/article300707130\/braunschweig-magniviertel-magnifest-besuch-regeln-news.html\" rel=\"nofollow noopener\" target=\"_blank\">Braunschweiger Viertel steht Kopf: Was Besucher des Magnifests noch wissen m\u00fcssen<\/a><\/p>\n<p class=\"wp-block-paragraph\">Das absolute Halteverbot gilt von Donnerstagmorgen bis Montag (7. September) 14 Uhr in den folgenden Stra\u00dfen: Karrenf\u00fchrerstra\u00dfe, \u00d6lschl\u00e4gern, Ackerhof, Schlo\u00dfstra\u00dfe, Ritterstra\u00dfe, Klint, Jodutenstra\u00dfe, Kuhstra\u00dfe, Mandelnstra\u00dfe und dem \u00c4gidienmarkt.<\/p>\n<p> <img loading=\"lazy\" decoding=\"async\" width=\"528\" height=\"667\" src=\"https:\/\/www.europesays.com\/de\/wp-content\/uploads\/2026\/09\/9eb469c6fa99544324b5aacdcfd563ae-1.webp\" alt=\"Teilbereich des Magniviertels, in dem f\u00fcr die Aufbauarbeiten Halteverbote gelten. Karte der Stadt Braunschweig\" class=\"wp-image-300707425\"  \/>Bereits ab Donnerstag, 3. September, 7 Uhr gelten in einem Teilbereich f\u00fcr den Aufbau des Festes Haltverbote. Foto: Stadt Braunschweig<\/p>\n<p class=\"wp-block-paragraph\">Richtig ernst wird es dann am Freitag (4. September), wenn die Stra\u00dfenz\u00fcge des Magniviertels gesperrt werden. Von 10 bis 24 Uhr bleibt das Magniviertel dicht. Am Samstag und Sonntag gelten die Sperrungen ebenfalls jeweils von 10 bis 24 Uhr. In der Nacht gibt es allerdings ein Zeitfenster f\u00fcr den Verkehr: Am Samstag und Sonntag k\u00f6nnen Lieferfahrzeuge zwischen 0 und 10 Uhr ins Viertel fahren. Auch die Zufahrt zu den Grundst\u00fccken bleibt in dieser Zeit m\u00f6glich.<\/p>\n<p> Ausnahme f\u00fcr Anlieger und Lieferanten <\/p>\n<p class=\"wp-block-paragraph\">Wie in den Vorjahren bleibt das Magniviertel aus Sicherheitsgr\u00fcnden f\u00fcr den Kraftfahrzeugverkehr weitr\u00e4umig gesperrt. Konkret bleibt der der Magnitorwall zwischen Georg-Eckert-Stra\u00dfe und Steintorwall am Freitag (4. September) von 14 Uhr bis 24 Uhr, Samstag (5. September) von 10 Uhr bis 24 Uhr sowie Sonntag (6. September) von 10 Uhr bis 21 Uhr gesperrt. In diesem Bereich gelten ab Freitag um 12 Uhr absolute Haltverbote. Anwohnerinnen und Anwohner sind von den Sperrungen ausgenommen, die Zufahrt auf die Grundst\u00fccke ist f\u00fcr sie weiterhin frei.<\/p>\n<p class=\"wp-block-paragraph\">W\u00e4hrend der gesamten Veranstaltung stellt die Stadt mobile Zufahrtssperren in allen ein- und ausf\u00fchrenden Stra\u00dfen ins Magniviertel auf. Sie bleiben von Freitag um 10 Uhr bis Sonntag um 22 Uhr bestehen.<\/p>\n<p class=\"wp-block-paragraph\">Mehr News:<\/p>\n<p class=\"wp-block-paragraph\">F\u00fcr Lieferverkehr und Anlieger gibt es am Samstag und Sonntag jeweils von 0 bis 10 Uhr Ausnahmen. Die Ein- und Ausfahrt ist am Ackerhof und am Magnitor m\u00f6glich. \u00dcber den \u00c4gidienmarkt und die Kuhstra\u00dfe ist im genannten Zeitraum jeweils nur die Ausfahrt m\u00f6glich.<\/p>\n","protected":false},"excerpt":{"rendered":"Das Magnifest in Braunschweig steht vor der T\u00fcr \u2013 und es bringt einige Einschr\u00e4nkungen im Verkehr mit. Gro\u00dfe&hellip;\n","protected":false},"author":2,"featured_media":1277794,"comment_status":"","ping_status":"","sticky":false,"template":"","format":"standard","meta":{"footnotes":"","_share_on_mastodon":"0"},"categories":[1850],"tags":[6429,3364,29,548,663,3934,30,13,14,15,1411,12],"class_list":["post-1277793","post","type-post","status-publish","format-standard","has-post-thumbnail","category-braunschweig","tag-braunschweig","tag-de","tag-deutschland","tag-eu","tag-europa","tag-europe","tag-germany","tag-headlines","tag-nachrichten","tag-news","tag-niedersachsen","tag-schlagzeilen"],"share_on_mastodon":{"url":"https:\/\/pubeurope.com\/@de\/117206414249582043","error":""},"_links":{"self":[{"href":"https:\/\/www.europesays.com\/de\/wp-json\/wp\/v2\/posts\/1277793","targetHints":{"allow":["GET"]}}],"collection":[{"href":"https:\/\/www.europesays.com\/de\/wp-json\/wp\/v2\/posts"}],"about":[{"href":"https:\/\/www.europesays.com\/de\/wp-json\/wp\/v2\/types\/post"}],"author":[{"embeddable":true,"href":"https:\/\/www.europesays.com\/de\/wp-json\/wp\/v2\/users\/2"}],"replies":[{"embeddable":true,"href":"https:\/\/www.europesays.com\/de\/wp-json\/wp\/v2\/comments?post=1277793"}],"version-history":[{"count":0,"href":"https:\/\/www.europesays.com\/de\/wp-json\/wp\/v2\/posts\/1277793\/revisions"}],"wp:featuredmedia":[{"embeddable":true,"href":"https:\/\/www.europesays.com\/de\/wp-json\/wp\/v2\/media\/1277794"}],"wp:attachment":[{"href":"https:\/\/www.europesays.com\/de\/wp-json\/wp\/v2\/media?parent=1277793"}],"wp:term":[{"taxonomy":"category","embeddable":true,"href":"https:\/\/www.europesays.com\/de\/wp-json\/wp\/v2\/categories?post=1277793"},{"taxonomy":"post_tag","embeddable":true,"href":"https:\/\/www.europesays.com\/de\/wp-json\/wp\/v2\/tags?post=1277793"}],"curies":[{"name":"wp","href":"https:\/\/api.w.org\/{rel}","templated":true}]}}