{"id":1277797,"date":"2026-09-03T09:33:20","date_gmt":"2026-09-03T09:33:20","guid":{"rendered":"https:\/\/www.europesays.com\/de\/1277797\/"},"modified":"2026-09-03T09:33:20","modified_gmt":"2026-09-03T09:33:20","slug":"fussball-in-gelsenkirchen-verkehrshinweise-zu-an-und-abreise","status":"publish","type":"post","link":"https:\/\/www.europesays.com\/de\/1277797\/","title":{"rendered":"Fu\u00dfball in Gelsenkirchen &#8211; Verkehrshinweise zu An- und Abreise"},"content":{"rendered":"<p>Am kommenden Samstag, 5. September 2026, findet das erste Heimspiel des FC Schalke 04 nach dem Aufstieg in die 1. Fu\u00dfball-Bundesliga in Gelsenkirchen statt. Bei dieser Fu\u00dfballbegegnung treffen der Gelsenkirchener Verein und der FC Bayern M\u00fcnchen sportlich aufeinander, weshalb zahlreiche Fans beider Lager \u00fcber den Tag verteilt die Anreise zur Arena antreten werden.<\/p>\n","protected":false},"excerpt":{"rendered":"Am kommenden Samstag, 5. September 2026, findet das erste Heimspiel des FC Schalke 04 nach dem Aufstieg in&hellip;\n","protected":false},"author":2,"featured_media":541982,"comment_status":"","ping_status":"","sticky":false,"template":"","format":"standard","meta":{"footnotes":"","_share_on_mastodon":"0"},"categories":[1848],"tags":[3364,29,548,663,3934,3658,30,13,14,15,1209,12],"class_list":["post-1277797","post","type-post","status-publish","format-standard","has-post-thumbnail","category-gelsenkirchen","tag-de","tag-deutschland","tag-eu","tag-europa","tag-europe","tag-gelsenkirchen","tag-germany","tag-headlines","tag-nachrichten","tag-news","tag-nordrhein-westfalen","tag-schlagzeilen"],"share_on_mastodon":{"url":"https:\/\/pubeurope.com\/@de\/117206424468797058","error":""},"_links":{"self":[{"href":"https:\/\/www.europesays.com\/de\/wp-json\/wp\/v2\/posts\/1277797","targetHints":{"allow":["GET"]}}],"collection":[{"href":"https:\/\/www.europesays.com\/de\/wp-json\/wp\/v2\/posts"}],"about":[{"href":"https:\/\/www.europesays.com\/de\/wp-json\/wp\/v2\/types\/post"}],"author":[{"embeddable":true,"href":"https:\/\/www.europesays.com\/de\/wp-json\/wp\/v2\/users\/2"}],"replies":[{"embeddable":true,"href":"https:\/\/www.europesays.com\/de\/wp-json\/wp\/v2\/comments?post=1277797"}],"version-history":[{"count":0,"href":"https:\/\/www.europesays.com\/de\/wp-json\/wp\/v2\/posts\/1277797\/revisions"}],"wp:featuredmedia":[{"embeddable":true,"href":"https:\/\/www.europesays.com\/de\/wp-json\/wp\/v2\/media\/541982"}],"wp:attachment":[{"href":"https:\/\/www.europesays.com\/de\/wp-json\/wp\/v2\/media?parent=1277797"}],"wp:term":[{"taxonomy":"category","embeddable":true,"href":"https:\/\/www.europesays.com\/de\/wp-json\/wp\/v2\/categories?post=1277797"},{"taxonomy":"post_tag","embeddable":true,"href":"https:\/\/www.europesays.com\/de\/wp-json\/wp\/v2\/tags?post=1277797"}],"curies":[{"name":"wp","href":"https:\/\/api.w.org\/{rel}","templated":true}]}}