{"id":1277800,"date":"2026-09-03T09:36:26","date_gmt":"2026-09-03T09:36:26","guid":{"rendered":"https:\/\/www.europesays.com\/de\/1277800\/"},"modified":"2026-09-03T09:36:26","modified_gmt":"2026-09-03T09:36:26","slug":"neue-ausstellung-von-von-anni-schedel-und-sabine-kinder-in-friedberg","status":"publish","type":"post","link":"https:\/\/www.europesays.com\/de\/1277800\/","title":{"rendered":"Neue Ausstellung von von Anni Schedel und Sabine Kinder in Friedberg"},"content":{"rendered":"<p class=\"mb-6 text-xs-varying md:text-m lg:text-l font-serif group-[.font-sans]:font-sans \">\n    Eine neue, gelungene Ausstellung lockt Kunstinteressierte in die Archivgalerie. Zu sehen sind Werke von Anni Schedel und Sabine Kindler. Der geheimnisvolle Titel der Schau lautet \u201eDie Sehnsucht der Schatten\u201c. Zu den \u00d6ffnungszeiten l\u00e4uft eine besondere Aktion f\u00fcr die Besucherinnen und Besucher.\n  <\/p>\n<p class=\"mb-6 text-xs-varying md:text-m lg:text-l font-serif group-[.font-sans]:font-sans \">\n    Die Friedbergerin Anni Schedel zeigt Malereien in Mischtechnik und digitale Collagen. Sie hat zwei gro\u00dfe Triptychen dabei, \u201eSommerfest der Farben\u201c ist das eine; das zweite setzt sich aus den Bildern \u201eSpurlos loslassen\u201c, \u201eDie goldenen 1920er\u201c und \u201eDie 7 Raben\u201c zusammen. Hommagen an Gustav Klimt, Frida Kahlo und Picasso sind ebenfalls vertreten. Farbenpr\u00e4chtige Kalenderbl\u00e4tter mit Sternzeichen f\u00fcr das Jahr 2027 hat sie digital erstellt.\n  <\/p>\n<p>    <img decoding=\"async\" src=\"https:\/\/www.europesays.com\/de\/wp-content\/uploads\/2026\/09\/6193861939.jpg\" alt=\"&quot;Die goldenen 1920er Jahre&quot; hei\u00dft das zweite Bild des ersten Triptychons &#10;von Anni Schedel.\" title=\"&quot;Die goldenen 1920er Jahre&quot; hei\u00dft das zweite Bild des ersten Triptychons &#10;von Anni Schedel.\" loading=\"lazy\" class=\"h-full w-full object-cover\"\/><\/p>\n<p>      Icon vergr\u00f6\u00dfern<\/p>\n<p>    &#8222;Die goldenen 1920er Jahre&#8220; hei\u00dft das zweite Bild des ersten Triptychons<br \/>\nvon Anni Schedel.<br \/>\n    Foto: Heike Scherer<\/p>\n<p>        Schlie\u00dfen <\/p>\n<p>      Icon Schlie\u00dfen<\/p>\n<p>        Icon vergr\u00f6\u00dfern<\/p>\n<p>        Icon verkleinern<\/p>\n<p>      Icon Pfeil bewegen<\/p>\n<p>    &#8222;Die goldenen 1920er Jahre&#8220; hei\u00dft das zweite Bild des ersten Triptychons<br \/>\nvon Anni Schedel.<br \/>\n    Foto: Heike Scherer<\/p>\n<p class=\"mb-6 text-xs-varying md:text-m lg:text-l font-serif group-[.font-sans]:font-sans \">\n    Sabine Kinder aus Kissing <a href=\"https:\/\/www.augsburger-allgemeine.de\/friedberg\/kissing-insekten-und-kleider-entstehen-als-drahtkunst-im-atelier-115016975\" target=\"_self\" class=\"underline \" rel=\"nofollow noopener\">stellt Kleider, Schuhe, Taschen, K\u00f6pfe und Tiere aus Draht aus.<\/a> Diese hat sie mit Acryl bemalt und zum Teil Papier oder andere Materialien darin eingearbeitet.\n  <\/p>\n<p>            \u00d6ffnungszeiten der Ausstellung in der Friedberger Archivgalerie<\/p>\n<p class=\"mb-6 text-xs-varying md:text-m lg:text-l font-serif group-[.font-sans]:font-sans \">\n    \u201eSie vermitteln mit ihrer Kunst Botschaften und wollen auf manche Thematik ganz bewusst und auch anders aufmerksam machen. Leo Tolstoi sagte schon, dass sich die ganze Mannigfaltigkeit, der ganze Reiz und die ganze Sch\u00f6nheit des Lebens aus Licht und Schatten zusammensetzen\u201c, sagte dritte B\u00fcrgermeisterin Ulrike Sasse-Feile in ihrer Ansprache auf der Vernissage. Die Organisation der Ausstellung lag bei  Caroline Stra\u00dfinger von der Kulturabteilung der Stadt <a href=\"https:\/\/www.augsburger-allgemeine.de\/friedberg\/ort\/friedberg\" target=\"_self\" class=\"underline \" rel=\"nofollow noopener\">Friedberg<\/a>, Ute Weber schenkte spritzige Getr\u00e4nke an die Besucher und Besucherinnen aus. Beim Mitmachtisch, der jeden Tag der Ausstellung ebenfalls ge\u00f6ffnet hat, wollen sich die K\u00fcnstlerinnen ganz nach den W\u00fcnschen der G\u00e4ste richten.\n  <\/p>\n<p>    <img decoding=\"async\" src=\"https:\/\/www.europesays.com\/de\/wp-content\/uploads\/2026\/09\/kinder.jpg\" alt=\"&quot;Das lange Blaue&quot; hat Sabine Kinder aus Draht, Papier und Acryl &#10;angefertigt.\" title=\"&quot;Das lange Blaue&quot; hat Sabine Kinder aus Draht, Papier und Acryl &#10;angefertigt.\" loading=\"lazy\" class=\"h-full w-full object-cover\"\/><\/p>\n<p>      Icon vergr\u00f6\u00dfern<\/p>\n<p>    &#8222;Das lange Blaue&#8220; hat Sabine Kinder aus Draht, Papier und Acryl<br \/>\nangefertigt.<br \/>\n    Foto: Heike Scherer<\/p>\n<p>        Schlie\u00dfen <\/p>\n<p>      Icon Schlie\u00dfen<\/p>\n<p>        Icon vergr\u00f6\u00dfern<\/p>\n<p>        Icon verkleinern<\/p>\n<p>      Icon Pfeil bewegen<\/p>\n<p>    &#8222;Das lange Blaue&#8220; hat Sabine Kinder aus Draht, Papier und Acryl<br \/>\nangefertigt.<br \/>\n    Foto: Heike Scherer<\/p>\n<p class=\"mb-6 text-xs-varying md:text-m lg:text-l font-serif group-[.font-sans]:font-sans \">\n    Die Ausstellung l\u00e4uft bis 13. September. Sie ist Dienstag bis Freitag von 15 bis 18 Uhr, am Samstag von 14 bis 17 Uhr und am Sonntag von 11 bis 15 Uhr ge\u00f6ffnet. Der Eintritt zur Ausstellung und die Mitmachaktionen sind kostenlos.\n  <\/p>\n","protected":false},"excerpt":{"rendered":"Eine neue, gelungene Ausstellung lockt Kunstinteressierte in die Archivgalerie. Zu sehen sind Werke von Anni Schedel und Sabine&hellip;\n","protected":false},"author":2,"featured_media":1277801,"comment_status":"","ping_status":"","sticky":false,"template":"","format":"standard","meta":{"footnotes":"","_share_on_mastodon":"0"},"categories":[1846],"tags":[252014,213865,680,772,3364,29,548,663,3934,92868,68633,30,6161,13,104885,263646,14,15,252013,263645,12,232131],"class_list":["post-1277800","post","type-post","status-publish","format-standard","has-post-thumbnail","category-augsburg","tag-anni-schedel","tag-archivgalerie","tag-augsburg","tag-bayern","tag-de","tag-deutschland","tag-eu","tag-europa","tag-europe","tag-frida-kahlo","tag-friedberg","tag-germany","tag-gustav-klimt","tag-headlines","tag-kissing","tag-leo-tolstoi","tag-nachrichten","tag-news","tag-sabine-kinder","tag-sabine-kindler","tag-schlagzeilen","tag-ulrike-sasse-feile"],"share_on_mastodon":{"url":"","error":""},"_links":{"self":[{"href":"https:\/\/www.europesays.com\/de\/wp-json\/wp\/v2\/posts\/1277800","targetHints":{"allow":["GET"]}}],"collection":[{"href":"https:\/\/www.europesays.com\/de\/wp-json\/wp\/v2\/posts"}],"about":[{"href":"https:\/\/www.europesays.com\/de\/wp-json\/wp\/v2\/types\/post"}],"author":[{"embeddable":true,"href":"https:\/\/www.europesays.com\/de\/wp-json\/wp\/v2\/users\/2"}],"replies":[{"embeddable":true,"href":"https:\/\/www.europesays.com\/de\/wp-json\/wp\/v2\/comments?post=1277800"}],"version-history":[{"count":0,"href":"https:\/\/www.europesays.com\/de\/wp-json\/wp\/v2\/posts\/1277800\/revisions"}],"wp:featuredmedia":[{"embeddable":true,"href":"https:\/\/www.europesays.com\/de\/wp-json\/wp\/v2\/media\/1277801"}],"wp:attachment":[{"href":"https:\/\/www.europesays.com\/de\/wp-json\/wp\/v2\/media?parent=1277800"}],"wp:term":[{"taxonomy":"category","embeddable":true,"href":"https:\/\/www.europesays.com\/de\/wp-json\/wp\/v2\/categories?post=1277800"},{"taxonomy":"post_tag","embeddable":true,"href":"https:\/\/www.europesays.com\/de\/wp-json\/wp\/v2\/tags?post=1277800"}],"curies":[{"name":"wp","href":"https:\/\/api.w.org\/{rel}","templated":true}]}}