{"id":1277811,"date":"2026-09-03T09:44:32","date_gmt":"2026-09-03T09:44:32","guid":{"rendered":"https:\/\/www.europesays.com\/de\/1277811\/"},"modified":"2026-09-03T09:44:32","modified_gmt":"2026-09-03T09:44:32","slug":"vermisster-bielefelder-tot-aufgefunden-polizei-meldet-sich-mit-trauriger-nachricht","status":"publish","type":"post","link":"https:\/\/www.europesays.com\/de\/1277811\/","title":{"rendered":"Vermisster Bielefelder tot aufgefunden: Polizei meldet sich mit trauriger Nachricht"},"content":{"rendered":"<p id=\"absatz1\" class=\"em_text\">Bielefeld. Die Suche nach einem vermissten 49-j\u00e4hrigen Bielefelder hat ein trauriges Ende genommen: Wie die Polizei Bielefeld jetzt mitteilt, ist der Mann am Mittwochabend, 2. September, leblos im Bereich Milse aufgefunden worden. Es l\u00e4gen keine Hinweise auf ein Fremdverschulden vor.<\/p>\n<p id=\"absatz2\" class=\"em_text\">Der Mann war bereits am Montag, 31. August, durch seine Familie bei der Polizei als vermisst gemeldet worden. Letztmalig gesehen wurde er am Donnerstag, 27. August, im Bereich der Ravensberger Stra\u00dfe. Schon damals hie\u00df es, der Gesuchte sei wom\u00f6glich mit seinem Fahrrad unterwegs.<\/p>\n<p id=\"absatz3\" class=\"em_text\">Als dann sein Fahrrad zur\u00fcckgelassen in Milse gefunden wurde, intensivierte die Polizei ihre Suche dort. Zeitweise setzte die Polizei Helikopter mit W\u00e4rmebildkameras und Sp\u00fcrhunde ein. Leider ohne den erhofften Erfolg. Die Einsatzkr\u00e4fte fanden den Vermissten nicht mehr lebend.<\/p>\n<p id=\"absatz4\"><b class=\"bold\">Nach Arztbesuch in Bielefeld:<\/b> <a href=\"https:\/\/www.nw.de\/lokal\/bielefeld\/mitte\/24410062_Nach-Arztbesuch-in-Bielefeld-vermisst-Polizei-sucht-nach-51-Jaehrigem-aus-Horn-Bad-Meinberg.html\" rel=\"nofollow noopener\" target=\"_blank\">Polizei sucht nach 51-j\u00e4hrigem Vermisstem<\/a><\/p>\n<p id=\"absatz5\" class=\"em_text\">Die Polizei bedankt sich bei allen, die die Suche unterst\u00fctzt haben, und bittet nun darum, das ver\u00f6ffentlichte Foto des Bielefelders sowie die weiteren personenbezogenen Daten nun wieder zu l\u00f6schen.<\/p>\n<p id=\"absatz6\"><b class=\"bold\">News<\/b><b class=\"bold\"> <\/b><b class=\"bold\">direkt aufs Smartphone:<\/b> <a href=\"https:\/\/whatsapp.com\/channel\/0029VaeYHJ40Qeam4DWyn109\" rel=\"nofollow noopener\" target=\"_blank\">Hier finden Sie den neuen Whatsapp-Kanal der NW-Bielefeld<\/a> <\/p>\n<p class=\"nw-text-xl nw-uppercase nw-font-bold\" style=\"font-size:24px !important; line-height:32px; padding-bottom: 0px; \">INFORMATION<\/p>\n<p class=\"nw-text-lg nw-font-bold nw-pb-2\" style=\"font-size:20px !important; line-height:28px; padding-bottom: 8px; font-weight:700;\">Hinweis<\/p>\n<p class=\"noSpacingAbove spacingBelow\" data-text-type=\"withSpacing\">Generell berichten wir nicht \u00fcber (m\u00f6gliche) Selbstt\u00f6tungen, es sei denn, es gibt besondere Gr\u00fcnde f\u00fcr eine erh\u00f6hte Aufmerksamkeit. Wir halten uns m\u00f6glichst zur\u00fcck, da es bei Suiziden eine hohe Nachahmerquote gibt.<\/p>\n<p class=\"noSpacingAbove spacingBelow\" data-text-type=\"withSpacing\">Sollten Sie sich von besonderen Lebensumst\u00e4nden betroffen f\u00fchlen, kontaktieren Sie bitte die Telefonseelsorge. Unter der kostenlosen Hotline 0800-1110111 oder 0800-1110222 erhalten Sie 24 Stunden am Tag Hilfe und Beratung.<\/p>\n<p class=\"noSpacingAbove spacingBelow\" data-text-type=\"withSpacing\">In Bielefeld erreichen Sie au\u00dferdem den sozialpsychiatrischen Dienst der Stadt Bielefeld werktags von 8 bis 15 Uhr unter 0521\/51-2581 sowie den Krisendienst Bielefeld vom PariSozial unter 0521\/32 99 285 (werktags von 18 bis 7.30 Uhr, an Wochenenden und Feiertagen rund um die Uhr).<\/p>\n","protected":false},"excerpt":{"rendered":"Bielefeld. Die Suche nach einem vermissten 49-j\u00e4hrigen Bielefelder hat ein trauriges Ende genommen: Wie die Polizei Bielefeld jetzt&hellip;\n","protected":false},"author":2,"featured_media":1277812,"comment_status":"","ping_status":"","sticky":false,"template":"","format":"standard","meta":{"footnotes":"","_share_on_mastodon":"0"},"categories":[1841],"tags":[1605,3364,29,1234,553,30,9308,9310,15354,198079,736,26866,16384,1613,43741,1209,121],"class_list":["post-1277811","post","type-post","status-publish","format-standard","has-post-thumbnail","category-bielefeld","tag-bielefeld","tag-de","tag-deutschland","tag-fahrrad","tag-familie","tag-germany","tag-label_republish","tag-label_social","tag-label_stroer","tag-meta_artikelklasse_seo","tag-meta_copyrights_nw","tag-meta_no_paywall","tag-meta_themen_blaulicht_sicherheit","tag-meta_userneeds_informieremich","tag-milse","tag-nordrhein-westfalen","tag-polizei"],"share_on_mastodon":{"url":"https:\/\/pubeurope.com\/@de\/117206467685719819","error":""},"_links":{"self":[{"href":"https:\/\/www.europesays.com\/de\/wp-json\/wp\/v2\/posts\/1277811","targetHints":{"allow":["GET"]}}],"collection":[{"href":"https:\/\/www.europesays.com\/de\/wp-json\/wp\/v2\/posts"}],"about":[{"href":"https:\/\/www.europesays.com\/de\/wp-json\/wp\/v2\/types\/post"}],"author":[{"embeddable":true,"href":"https:\/\/www.europesays.com\/de\/wp-json\/wp\/v2\/users\/2"}],"replies":[{"embeddable":true,"href":"https:\/\/www.europesays.com\/de\/wp-json\/wp\/v2\/comments?post=1277811"}],"version-history":[{"count":0,"href":"https:\/\/www.europesays.com\/de\/wp-json\/wp\/v2\/posts\/1277811\/revisions"}],"wp:featuredmedia":[{"embeddable":true,"href":"https:\/\/www.europesays.com\/de\/wp-json\/wp\/v2\/media\/1277812"}],"wp:attachment":[{"href":"https:\/\/www.europesays.com\/de\/wp-json\/wp\/v2\/media?parent=1277811"}],"wp:term":[{"taxonomy":"category","embeddable":true,"href":"https:\/\/www.europesays.com\/de\/wp-json\/wp\/v2\/categories?post=1277811"},{"taxonomy":"post_tag","embeddable":true,"href":"https:\/\/www.europesays.com\/de\/wp-json\/wp\/v2\/tags?post=1277811"}],"curies":[{"name":"wp","href":"https:\/\/api.w.org\/{rel}","templated":true}]}}