{"id":1277813,"date":"2026-09-03T09:46:19","date_gmt":"2026-09-03T09:46:19","guid":{"rendered":"https:\/\/www.europesays.com\/de\/1277813\/"},"modified":"2026-09-03T09:46:19","modified_gmt":"2026-09-03T09:46:19","slug":"frankfurt-main-dfb-macht-weg-frei-fuer-eigenstaendige-frauen-bundesliga","status":"publish","type":"post","link":"https:\/\/www.europesays.com\/de\/1277813\/","title":{"rendered":"Frankfurt\/Main | DFB macht Weg frei f\u00fcr eigenst\u00e4ndige Frauen-Bundesliga"},"content":{"rendered":"<p>Bundestag am 18. September<\/p>\n<p>Frankfurt\/Main (dpa) &#8211; Bei einem au\u00dferordentlichen und virtuellen Bundestag am 18. September will der Deutsche Fu\u00dfball Bund den Weg f\u00fcr eine selbstst\u00e4ndige Frauen-Bundesliga frei machen. \u00abDort sollen die notwendigen Satzungs\u00e4nderungen f\u00fcr die Ausgliederung der Google Pixel Frauen-Bundesliga beschlossen und die vertraglichen Grundlagen f\u00fcr die \u00dcbertragung der Liga auf den FBL e.V. gebilligt werden\u00bb, teilte der Dachverband mit.<\/p>\n<p>Ende vergangenen Jahres hatten die 14 Erstligaclubs den Frauen-Bundesliga FBL e.V. mit der Frankfurter Funktion\u00e4rin Katharina Kiel an der Spitze gegr\u00fcndet. Von der Saison 2027\/28 an werden sich die Vereine selbst organisieren und vermarkten.\u00a0<\/p>\n<p>Jetzt auch Pachtvertrag ausgehandelt<\/p>\n<p>Im Mai einigten sich DFB und FBL auf den Grundlagenvertrag, der die Finanzstr\u00f6me regelt. Formal genehmigt werden muss vom Bundestag auch der jetzt ausgehandelte sogenannte Pachtvertrag: Dann kann die Bundesliga die Fernsehrechte selbst ausschreiben und abschlie\u00dfen. Dies gilt als ein zentraler Punkt beim Ziel, die Liga schneller voranzutreiben und ihr mehr Sichtbarkeit zu verschaffen.\u00a0<\/p>\n<p>\u00abMit der Einigung \u00fcber den Pachtvertrag haben der DFB und der FBL e.V. einen entscheidenden Schritt f\u00fcr die Zukunft der Frauen-Bundesliga vollzogen. Beide Seiten haben in den vergangenen Monaten intensiv daran gearbeitet, eine tragf\u00e4hige Grundlage f\u00fcr die neue Struktur zu schaffen\u00bb, sagte DFB-Pr\u00e4sident Bernd Neuendorf in einer Mitteilung. \u00abWir sind \u00fcberzeugt, dass die Liga auf dieser Basis ihre positive Entwicklung fortsetzen und ihre sportliche wie wirtschaftliche Attraktivit\u00e4t weiter steigern kann.\u00bb<\/p>\n<p>DFB sieht noch gro\u00dfe Aufgabenfelder bei sich<\/p>\n<p>Der Verband verweist darauf, dass er sich auch nach dieser \u00dcbergangssaison um die Nachwuchsf\u00f6rderung und die Professionalisierung des Schiedsrichterwesens k\u00fcmmert. \u00abDar\u00fcber hinaus konzentrieren wir uns zuk\u00fcnftig auf die Weiterentwicklung des Frauenfu\u00dfballs im Zusammenhang mit den Frauen-Nationalmannschaften, dem DFB-Pokal sowie dem Frauen- und M\u00e4dchenfu\u00dfball in den weiteren Spielklassen\u00bb, sagte Generalsekret\u00e4r Holger Blask.<\/p>\n","protected":false},"excerpt":{"rendered":"Bundestag am 18. September Frankfurt\/Main (dpa) &#8211; Bei einem au\u00dferordentlichen und virtuellen Bundestag am 18. September will der&hellip;\n","protected":false},"author":2,"featured_media":1277814,"comment_status":"","ping_status":"","sticky":false,"template":"","format":"standard","meta":{"footnotes":"","_share_on_mastodon":"0"},"categories":[1841],"tags":[1605,263647,3364,29,481,3236,347,30,1209],"class_list":["post-1277813","post","type-post","status-publish","format-standard","has-post-thumbnail","category-bielefeld","tag-bielefeld","tag-bundeslioga","tag-de","tag-deutschland","tag-dfb","tag-frauen","tag-fussball","tag-germany","tag-nordrhein-westfalen"],"share_on_mastodon":{"url":"https:\/\/pubeurope.com\/@de\/117206475330089938","error":""},"_links":{"self":[{"href":"https:\/\/www.europesays.com\/de\/wp-json\/wp\/v2\/posts\/1277813","targetHints":{"allow":["GET"]}}],"collection":[{"href":"https:\/\/www.europesays.com\/de\/wp-json\/wp\/v2\/posts"}],"about":[{"href":"https:\/\/www.europesays.com\/de\/wp-json\/wp\/v2\/types\/post"}],"author":[{"embeddable":true,"href":"https:\/\/www.europesays.com\/de\/wp-json\/wp\/v2\/users\/2"}],"replies":[{"embeddable":true,"href":"https:\/\/www.europesays.com\/de\/wp-json\/wp\/v2\/comments?post=1277813"}],"version-history":[{"count":0,"href":"https:\/\/www.europesays.com\/de\/wp-json\/wp\/v2\/posts\/1277813\/revisions"}],"wp:featuredmedia":[{"embeddable":true,"href":"https:\/\/www.europesays.com\/de\/wp-json\/wp\/v2\/media\/1277814"}],"wp:attachment":[{"href":"https:\/\/www.europesays.com\/de\/wp-json\/wp\/v2\/media?parent=1277813"}],"wp:term":[{"taxonomy":"category","embeddable":true,"href":"https:\/\/www.europesays.com\/de\/wp-json\/wp\/v2\/categories?post=1277813"},{"taxonomy":"post_tag","embeddable":true,"href":"https:\/\/www.europesays.com\/de\/wp-json\/wp\/v2\/tags?post=1277813"}],"curies":[{"name":"wp","href":"https:\/\/api.w.org\/{rel}","templated":true}]}}