{"id":1277815,"date":"2026-09-03T09:47:14","date_gmt":"2026-09-03T09:47:14","guid":{"rendered":"https:\/\/www.europesays.com\/de\/1277815\/"},"modified":"2026-09-03T09:47:14","modified_gmt":"2026-09-03T09:47:14","slug":"wuelfrath-bombenfund-bei-arbeiten-am-schlehenweg","status":"publish","type":"post","link":"https:\/\/www.europesays.com\/de\/1277815\/","title":{"rendered":"W\u00fclfrath: Bombenfund bei Arbeiten am Schlehenweg\u00a0"},"content":{"rendered":"<p class=\"text_ohne_einzug richtext text-em-55 !leading-serif mx-6 desktop:mx-0\"> Das Stichwort \u201eBombenfund\u201c ist in vielen F\u00e4llen mit einer Evakuierung verbunden. In W\u00fclfrath war das zum Gl\u00fcck am Mittwoch (2. September) aber nicht n\u00f6tig. Wie Feuerwehrchef Benjamin Hann mitteilt, wurden die Einsatzkr\u00e4fte der Freiwilligen <a href=\"https:\/\/rp-online.de\/thema\/feuerwehr\/\" rel=\"nofollow noopener\" target=\"_blank\">Feuerwehr<\/a> W\u00fclfrath gegen 12.29 Uhr zum Einsatzort an den Schlehenweg alarmiert. Dort wurde bei Erdarbeiten eine britische, 15 Kilo schwere Phosphorbombe gefunden. Die Feuerwehrkr\u00e4fte sicherten den Bombenfund ab. Der verst\u00e4ndigte Kampfmittelr\u00e4umdienst aus D\u00fcsseldorf hat die Bombe entsch\u00e4rft und abtransportiert. \u201eDa zu keiner Zeit Gefahr f\u00fcr die Umgebung bestand, mussten auch keine Evakuierungen durchgef\u00fchrt werden\u201c, betont Hann.<\/p>\n<p class=\"richtext text-em-55 !leading-serif mx-6 desktop:mx-0\">Der Mittwoch hielt aber noch einen weiteren Einsatz f\u00fcr die Feuerwehr bereit. Anwohner riefen gegen 17.38 Uhr die Feuerwehr, weil sie Gasgeruch am Haselnussweg wahrnahmen. \u201eDa mit Gassp\u00fcrger\u00e4ten vor Ort nichts festzustellen war und auch der hinzugezogene Notdienst der Stadtwerke keine Ursache ausmachen konnte, wurden zus\u00e4tzliche Kr\u00e4fte alarmiert, um das Gebiet gro\u00dfr\u00e4umiger zu \u00fcberpr\u00fcfen. Aber auch diese Suche blieb ohne Ergebnis, sodass der Einsatz nach einer Stunde abgebrochen wurde. Inzwischen hatte sich der wahrgenommene Gasgeruch verfl\u00fcchtigt\u201c, erkl\u00e4rt Hann. Die Feuerwehr war mit einem L\u00f6schzug, zwei Einsatzf\u00fchrungsdiensten und dem Rettungsdienst im Einsatz.<\/p>\n","protected":false},"excerpt":{"rendered":"Das Stichwort \u201eBombenfund\u201c ist in vielen F\u00e4llen mit einer Evakuierung verbunden. In W\u00fclfrath war das zum Gl\u00fcck am&hellip;\n","protected":false},"author":2,"featured_media":1277816,"comment_status":"","ping_status":"","sticky":false,"template":"","format":"standard","meta":{"footnotes":"","_share_on_mastodon":"0"},"categories":[1840],"tags":[67897,7667,11195,3364,29,588,263649,9032,10963,6308,985,79330,33024,179651,30,158793,10020,1209,81800,263648,27167,4418],"class_list":["post-1277815","post","type-post","status-publish","format-standard","has-post-thumbnail","category-wuppertal","tag-alarmiert","tag-bombe","tag-bombenfund","tag-de","tag-deutschland","tag-einsatz","tag-einsatzfuehrungsdiensten","tag-einsatzkraefte","tag-einsatzort","tag-evakuierung","tag-feuerwehr","tag-feuerwehrchef","tag-feuerwehrkraefte","tag-gasgeruch","tag-germany","tag-hann","tag-kraefte","tag-nordrhein-westfalen","tag-noetig","tag-schlehenweg","tag-wuelfrath","tag-wuppertal"],"share_on_mastodon":{"url":"https:\/\/pubeurope.com\/@de\/117206479480719881","error":""},"_links":{"self":[{"href":"https:\/\/www.europesays.com\/de\/wp-json\/wp\/v2\/posts\/1277815","targetHints":{"allow":["GET"]}}],"collection":[{"href":"https:\/\/www.europesays.com\/de\/wp-json\/wp\/v2\/posts"}],"about":[{"href":"https:\/\/www.europesays.com\/de\/wp-json\/wp\/v2\/types\/post"}],"author":[{"embeddable":true,"href":"https:\/\/www.europesays.com\/de\/wp-json\/wp\/v2\/users\/2"}],"replies":[{"embeddable":true,"href":"https:\/\/www.europesays.com\/de\/wp-json\/wp\/v2\/comments?post=1277815"}],"version-history":[{"count":0,"href":"https:\/\/www.europesays.com\/de\/wp-json\/wp\/v2\/posts\/1277815\/revisions"}],"wp:featuredmedia":[{"embeddable":true,"href":"https:\/\/www.europesays.com\/de\/wp-json\/wp\/v2\/media\/1277816"}],"wp:attachment":[{"href":"https:\/\/www.europesays.com\/de\/wp-json\/wp\/v2\/media?parent=1277815"}],"wp:term":[{"taxonomy":"category","embeddable":true,"href":"https:\/\/www.europesays.com\/de\/wp-json\/wp\/v2\/categories?post=1277815"},{"taxonomy":"post_tag","embeddable":true,"href":"https:\/\/www.europesays.com\/de\/wp-json\/wp\/v2\/tags?post=1277815"}],"curies":[{"name":"wp","href":"https:\/\/api.w.org\/{rel}","templated":true}]}}