{"id":1277850,"date":"2026-09-03T10:08:14","date_gmt":"2026-09-03T10:08:14","guid":{"rendered":"https:\/\/www.europesays.com\/de\/1277850\/"},"modified":"2026-09-03T10:08:14","modified_gmt":"2026-09-03T10:08:14","slug":"brueckensanierung-im-pegnitztal-bahnstrecke-zwischen-nuernberg-und-bayreuth-bald-wieder-offen-bayern","status":"publish","type":"post","link":"https:\/\/www.europesays.com\/de\/1277850\/","title":{"rendered":"Br\u00fcckensanierung im Pegnitztal: Bahnstrecke zwischen N\u00fcrnberg und Bayreuth bald wieder offen &#8211; Bayern"},"content":{"rendered":"<p data-manual=\"paragraph\" data-schema-org-speakable=\"true\" class=\"css-1eosz7k\">Bahn-Reisende und Pendler zwischen <a href=\"https:\/\/www.sueddeutsche.de\/thema\/N%C3%BCrnberg\" rel=\"nofollow noopener\" target=\"_blank\">N\u00fcrnberg<\/a> und Bayreuth k\u00f6nnen bald wieder komplett den Zug nehmen \u2013 und m\u00fcssen nicht mehr auf den Bus ausweichen: Die Trasse durch das Pegnitztal ist zum Start des neuen Schuljahres wieder komplett befahrbar, wie die <a href=\"https:\/\/www.sueddeutsche.de\/thema\/Deutsche_Bahn\" rel=\"nofollow noopener\" target=\"_blank\">Deutsche Bahn<\/a> (DB) mitteilte. Vom 14. September an fahren die Z\u00fcge wieder.<\/p>\n<p data-manual=\"paragraph\" data-schema-org-speakable=\"true\" class=\"css-1eosz7k\">R\u00fcckblick: Vor etwa einem Jahr hie\u00df es \u00fcberraschend f\u00fcr die Fahrg\u00e4ste, dass im Pegnitztal zwischen Hersbruck und Pegnitz 18 Br\u00fccken stark besch\u00e4digt waren und die Strecke gesperrt werden musste. F\u00fcr viele Pendler, Ausfl\u00fcgler und Sch\u00fclerinnen und Sch\u00fcler hie\u00df es fortan: Ersatzbus statt Bahn.<\/p>\n<p><a href=\"https:\/\/www.sueddeutsche.de\/bayern\/bayern-whatsapp-kanal-sueddeutsche-zeitung-anmeldung-abonniere-lux.53Kn45a8k7kuCphD9cvyfg\" aria-label=\"Artikelverlinkung:\" data-track-szde=\"{&quot;event&quot;:&quot;teaser_clicked&quot;,&quot;teaser_clicked&quot;:{&quot;article_title&quot;:&quot;nachrichten_aus_der_bayern_redaktion_jetzt_auf_whatsapp_abonnieren&quot;,&quot;doctype&quot;:&quot;&quot;,&quot;label&quot;:&quot;&quot;,&quot;main_topic&quot;:&quot;bayern&quot;,&quot;object_id&quot;:&quot;lux.53Kn45a8k7kuCphD9cvyfg&quot;,&quot;pcat&quot;:&quot;metered&quot;,&quot;section&quot;:&quot;bayern&quot;,&quot;teaser_type&quot;:&quot;article_teaser_top&quot;}}\" data-manual=\"teaser-url\" aria-labelledby=\"teaser-httpswwwsueddeutschedebayernbayern-whatsapp-kanal-sueddeutsche-zeitung-anmeldung-abonniere-lux53Kn45a8k7kuCphD9cvyfg\" class=\"css-14tg8sh\" rel=\"nofollow noopener\" target=\"_blank\"><img decoding=\"async\" src=\"https:\/\/www.europesays.com\/de\/wp-content\/uploads\/2026\/09\/9eb3992c-8ccd-422c-b33d-55d59e50937d.jpeg\"   alt=\"\" loading=\"lazy\" class=\"css-8atqhb\"\/><\/p>\n<p>SZ Bayern auf Whatsapp<\/p>\n<p>:Nachrichten aus der Bayern-Redaktion \u2013 jetzt auf Whatsapp abonnieren<\/p>\n<p class=\"css-a6ecqs\" data-manual=\"teaser-text\" data-schema-org-speakable=\"true\">Von Aschaffenburg bis Berchtesgaden: Das Bayern-Team der SZ ist im gesamten Freistaat f\u00fcr Sie unterwegs. Hier entlang, wenn Sie Geschichten, News und Hintergr\u00fcnde direkt aufs Handy bekommen m\u00f6chten.<\/p>\n<p data-manual=\"paragraph\" data-schema-org-speakable=\"true\" class=\"css-1eosz7k\">In den Monaten der Sperrung wurden nach Bahn-Angaben die Br\u00fccken wieder instand gesetzt. \u201eDabei wurden unter anderem die Fugen der Bauwerke erneuert und verpresst, lose Mauerwerkssteine an den Br\u00fccken mit Nadeln und Ankern verst\u00e4rkt sowie Risse im Mauerwerk verschlossen und verpresst, um die jeweilige Bausubstanz zu stabilisieren\u201c, teilte die DB mit. Die Ma\u00dfnahmen kosteten rund neun Millionen Euro. Im Mai wurde zun\u00e4chst ein Teilst\u00fcck wieder freigegeben, nun folgt die komplette Trasse durchs Pegnitztal.<\/p>\n<p data-manual=\"paragraph\" data-schema-org-speakable=\"true\" class=\"css-1eosz7k\">In den kommenden Jahren sollen die 18 Br\u00fccken grundlegend erneuert werden. Zugleich gibt es schon seit Jahrzehnten eine Diskussion um die Elektrifizierung der Trasse: Vom Norden her k\u00f6nnen von Sachsen bis Hof bereits E-Loks fahren, Richtung S\u00fcden bis N\u00fcrnberg m\u00fcssen die Bahnen noch mit Diesel betrieben werden. Bislang gibt es aber noch keine konkreten Planungsschritte f\u00fcr die Modernisierung der Strecke.<\/p>\n","protected":false},"excerpt":{"rendered":"Bahn-Reisende und Pendler zwischen N\u00fcrnberg und Bayreuth k\u00f6nnen bald wieder komplett den Zug nehmen \u2013 und m\u00fcssen nicht&hellip;\n","protected":false},"author":2,"featured_media":1277851,"comment_status":"","ping_status":"","sticky":false,"template":"","format":"standard","meta":{"footnotes":"","_share_on_mastodon":"0"},"categories":[1837],"tags":[1739,772,3364,2030,29,30,4156,3783,149,13708],"class_list":["post-1277850","post","type-post","status-publish","format-standard","has-post-thumbnail","category-nuernberg","tag-bahn","tag-bayern","tag-de","tag-deutsche-bahn","tag-deutschland","tag-germany","tag-mittelfranken","tag-nuernberg","tag-sueddeutsche-zeitung","tag-verkehr-in-bayern"],"share_on_mastodon":{"url":"https:\/\/pubeurope.com\/@de\/117206564029929468","error":""},"_links":{"self":[{"href":"https:\/\/www.europesays.com\/de\/wp-json\/wp\/v2\/posts\/1277850","targetHints":{"allow":["GET"]}}],"collection":[{"href":"https:\/\/www.europesays.com\/de\/wp-json\/wp\/v2\/posts"}],"about":[{"href":"https:\/\/www.europesays.com\/de\/wp-json\/wp\/v2\/types\/post"}],"author":[{"embeddable":true,"href":"https:\/\/www.europesays.com\/de\/wp-json\/wp\/v2\/users\/2"}],"replies":[{"embeddable":true,"href":"https:\/\/www.europesays.com\/de\/wp-json\/wp\/v2\/comments?post=1277850"}],"version-history":[{"count":0,"href":"https:\/\/www.europesays.com\/de\/wp-json\/wp\/v2\/posts\/1277850\/revisions"}],"wp:featuredmedia":[{"embeddable":true,"href":"https:\/\/www.europesays.com\/de\/wp-json\/wp\/v2\/media\/1277851"}],"wp:attachment":[{"href":"https:\/\/www.europesays.com\/de\/wp-json\/wp\/v2\/media?parent=1277850"}],"wp:term":[{"taxonomy":"category","embeddable":true,"href":"https:\/\/www.europesays.com\/de\/wp-json\/wp\/v2\/categories?post=1277850"},{"taxonomy":"post_tag","embeddable":true,"href":"https:\/\/www.europesays.com\/de\/wp-json\/wp\/v2\/tags?post=1277850"}],"curies":[{"name":"wp","href":"https:\/\/api.w.org\/{rel}","templated":true}]}}