{"id":1277855,"date":"2026-09-03T10:12:25","date_gmt":"2026-09-03T10:12:25","guid":{"rendered":"https:\/\/www.europesays.com\/de\/1277855\/"},"modified":"2026-09-03T10:12:25","modified_gmt":"2026-09-03T10:12:25","slug":"dresden-christian-friedel-inszeniert-shakespeare-und-schoepft-daraus-hoffnung","status":"publish","type":"post","link":"https:\/\/www.europesays.com\/de\/1277855\/","title":{"rendered":"Dresden: Christian Friedel inszeniert Shakespeare \u2013 und sch\u00f6pft daraus Hoffnung"},"content":{"rendered":"<p>        <img decoding=\"async\" src=\"https:\/\/www.europesays.com\/de\/wp-content\/uploads\/2026\/09\/1788430340_240_christian-friedel-186.webp\" alt=\"Christian Friedel\" title=\"Christian Friedel | picture alliance\/dpa\/Sebastian Kahnert\" class=\"responsive\"\/><\/p>\n<p>AUDIO: Warum Christian Friedel Shakespeares Sonette auf die B\u00fchne bringt (11 Min)<\/p>\n<p class=\"topline\">Interview<\/p>\n<p>\n                Stand: 03.09.2026 11:35 Uhr<\/p>\n<p class=\"preface\">Mit den Shakespeare-Sonetten beginnt am Staatsschauspiel Dresden am Samstag die Spielzeit 2026\/27. Schauspieler und Regisseur Christian Friedel bringt sie mit gro\u00dfem Aufgebot auf die B\u00fchne: Neben seiner Band Woods of Birnam und dem Ensemble wirken das Semperoper-Ballett und die Palucca-Schule mit. Im Gespr\u00e4ch erkl\u00e4rt Friedel, warum Shakespeares bildreiche Sprache ihm gerade jetzt Hoffnung gibt. <\/p>\n<p class=\"textauthor\">von MDR Kulturdesk<\/p>\n<p class=\"\"><strong>MDR KULTUR: Sie haben Hamlet gespielt, Sie haben Macbeth gespielt. Was ist das mit Ihnen und Shakespeare \u2013 verfolgt er Sie wie der Geist von Hamlets Vater?<\/strong><\/p>\n<p class=\"\">Christian Friedel: Er verfolgt mich und ich lasse mich gerne von ihm verfolgen, weil ich seit meiner Jugend eine Faszination f\u00fcr ihn habe. Da habe ich mich anstecken lassen von den Geschichten, von der Atmosph\u00e4re \u2013 auch, dass da Geister auftauchen, von der Dramatik, von der Sprache. Und ab der Schauspielschule, ab meinem offiziellen Berufsleben wurde diese Liebe eigentlich immer tiefer. Und deswegen ist es toll, dass es immer noch etwas zu entdecken gibt \u2013 jetzt mit den Sonetten, die auch noch mal eine ganz andere sprachliche Poesie haben.<\/p>\n<p>                    <a href=\"https:\/\/www.europesays.com\/de\/wp-content\/uploads\/2026\/09\/christian-friedel-190.webp\" class=\"zoomimage\" title=\"Bild vergr\u00f6\u00dfern\"><\/p>\n<p>        <img decoding=\"async\" src=\"https:\/\/www.europesays.com\/de\/wp-content\/uploads\/2026\/09\/christian-friedel-190.webp\" alt=\"Schauspieler Christian Friedel: ein Mann mit gr\u00fcnem Hemd, kurzen dunkel gelockten Haaren und einem goldenem Ohrring\" title=\"Christian Friedel ist geb\u00fcrtiger Magdeburger und als Schauspieler weltweit bekannt \u2013 unter anderem durch seine Rolle im Kinofilm &quot;The Zone of Interest&quot; an der Seite von Sandra H\u00fcller. | picture alliance\/dpa | Hannes P. Albert\" class=\"responsive\" loading=\"lazy\"\/><\/p>\n<p>                    <\/a><\/p>\n<p>                    Christian Friedel ist geb\u00fcrtiger Magdeburger und als Schauspieler weltweit bekannt \u2013 unter anderem durch seine Rolle im Kinofilm &#8222;The Zone of Interest&#8220; an der Seite von Sandra H\u00fcller.<\/p>\n<p class=\"\"><strong>Vor \u00fcber zehn Jahren haben Sie schon einmal einige der Sonette mit Ihrer Band <\/strong><a href=\"https:\/\/www.mdr.de\/kultur\/promis-bekannte-,dresden-beruehmte-personen-kultur-104.html\" title=\"28 Pers\u00f6nlichkeiten aus Dresden: Von Erich K\u00e4stner bis Gerhard Richter\" rel=\"nofollow noopener\" target=\"_blank\"><strong>Woods of Birnam<\/strong><\/a><strong> vertont. Hatten Sie damals schon die B\u00fchne im Kopf?<\/strong><\/p>\n<p class=\"\">Die Sonette waren durch ihre rhythmische Sprache und durch ihre Musikalit\u00e4t eine sehr dankbare Grundlage, um daraus Musik zu machen. Die Idee, daraus einen Abend zu machen, wurde vom Staatsschauspiel an mich herangetragen \u2013 gerade weil es hier im Theater ja auch mal eine legend\u00e4re Sonette-Inszenierung von Wolfgang Engel gab. Und dann habe ich gedacht: Das reizt mich. In dem Experimentierfeld befinde ich mich jetzt und hoffe, dass wir da am Schluss eine assoziationsreiche, unterhaltsame, anregende Auff\u00fchrung hinbekommen.<\/p>\n<p>        <img decoding=\"async\" src=\"https:\/\/www.europesays.com\/de\/wp-content\/uploads\/2026\/08\/1787969123_972_google-handy-100.webp\" alt=\"Ein Handy liegt auf einer Laptoptastatur. Das Display zeigt das Google Logo\" title=\"Ein Handy liegt auf einer Laptoptastatur. Das Display zeigt das Google Logo |  IMAGO \/ SOPA Images\" class=\"responsive\" loading=\"lazy\"\/><\/p>\n<p>Nachrichten personalisieren<\/p>\n<p>Hier zeigen wir Ihnen, wie es funktioniert.<\/p>\n<p class=\"\"><strong>Wolfgang Engels Inszenierung vor 40 Jahren ist in Dresden ein Mythos. Davon hat man Ihnen bestimmt viel berichtet. <\/strong><\/p>\n<p class=\"\">Absolut, und da merkte man, dass viele ins Schw\u00e4rmen gerieten, weil es wirklich eine sehr, sehr besondere Inszenierung war und Engel da auch Tanz mit Sprache verwoben hat. Er hat sich nat\u00fcrlich inhaltlich mehr auf die Deutungsgeschichte fokussiert, dass dort ein Mann ist, der sich in einen jungen Mann verliebt und dann aber auch in eine \u00e4ltere Frau \u2013 auf dieses Liebesdreieck. Und das findet bei mir auch mit statt, aber der Abend wird nicht von dieser Interpretation getragen.<\/p>\n<p>                    <a href=\"https:\/\/www.europesays.com\/de\/wp-content\/uploads\/2026\/09\/shakespeare-sonette-102.webp\" class=\"zoomimage\" title=\"Bild vergr\u00f6\u00dfern\"><\/p>\n<p>        <img decoding=\"async\" src=\"https:\/\/www.europesays.com\/de\/wp-content\/uploads\/2026\/09\/shakespeare-sonette-102.webp\" alt=\"Zwei Frauen und ein Mann in historischen Kost\u00fcmen stehen in einer in dunkles Licht getauchten B\u00fchne und spielen.\" title=\"Szenenbild aus &quot;Love, Death &amp; Shadows&quot; am Staatsschauspiel Dresden | Sebastian Hoppe\" class=\"responsive\" loading=\"lazy\"\/><\/p>\n<p>                    <\/a><\/p>\n<p>                    Szenenbild aus &#8222;Love, Death &amp; Shadows&#8220; am Staatsschauspiel Dresden<\/p>\n<p class=\"\">Ich habe versucht, verschiedene Bilder, die die Sonette in sich tragen, zu ordnen. Deswegen auch dieser Titel: &#8222;Love, Death and Shadows&#8220;. Bei Liebe geht es um das Spiel des Verliebtseins, um das spielerische Konstrukt. Und da geht es auch um die Liebe, die sowohl queer sein kann als auch heterosexuell \u2013 weil: Liebe ist Liebe, Liebe unter Menschen.<\/p>\n<p class=\"\">Im zweiten Part habe ich dann die Sonette versammelt, die mehr in den Abgrund gehen, in die Tiefe, die den Tod mehr in den Fokus stellen. Und im dritten Part geht es um eine schattenartige, sehr spielerische Untersuchung mit einem j\u00fcngeren und einem \u00e4lteren Ich. Also ein Spiel mit dem Altern. So habe ich das thematisch aufgearbeitet, so dass es eben nicht nur eine Geschichte gibt, sondern mehrere Geschichten in drei sehr unterschiedlichen Bildern an einem Abend.<\/p>\n<p>                    <a href=\"https:\/\/www.europesays.com\/de\/wp-content\/uploads\/2026\/09\/staatsschauspiel-dresden-232.webp\" class=\"zoomimage\" title=\"Bild vergr\u00f6\u00dfern\"><\/p>\n<p>        <img decoding=\"async\" src=\"https:\/\/www.europesays.com\/de\/wp-content\/uploads\/2026\/09\/staatsschauspiel-dresden-232.webp\" alt=\"Nahaufname eines Rundbogenfenster mit der Aufschrift &quot;Staatsschauspiel Dresden&quot;\" title=\"Mit dem Staatsschauspiel Dresden hat Christian Friedel immer wieder zusammengearbeitet. | picture alliance\/dpa | Robert Michael\" class=\"responsive\" loading=\"lazy\"\/><\/p>\n<p>                    <\/a><\/p>\n<p>                    Mit dem Staatsschauspiel Dresden hat Christian Friedel immer wieder zusammengearbeitet.<\/p>\n<p class=\"\"><strong>Wie setzen Sie die bilderreiche Lyrik auf der B\u00fchne um? Das ist ja etwas ganz anderes als ein Drama. <\/strong><\/p>\n<p class=\"\">Absolut, und ich habe ja den Hang, alles reinzupacken, mit Lust und Laune die Leute zu \u00fcberfordern \u2013 was mir auch oft von der Kritik vorgeworfen wird, dass ich mehr auf Effekte setze als auf Inhalte. Aber bei mir sind all die effektvollen Bilder eigentlich von den Inhalten inspiriert.<\/p>\n<p class=\"\">Ich versuche aber auch, mit der leeren B\u00fchne zu arbeiten und erstmal eine Suche in die Sonette zu veranstalten. Und dann arbeite ich, inspiriert von Robert Wilson, mit einer Bildersprache, die sehr in die K\u00fcnstlichkeit geht. Da kommt das Ballett dann sehr zum Tragen. Also an Bildern, sowohl sprachgewaltigen Bildern, als auch visuellen und audiovisuellen Bildern, wird es dem Abend nicht mangeln.<\/p>\n<blockquote><p>\n        Wenn ich merke, wie wir als Gemeinschaft diesen Theaterabend stemmen, dann ber\u00fchrt mich das zutiefst und gibt mir den Glauben, dass wir optimistisch sein k\u00f6nnen, diese komplizierten Zeiten gemeinsam zu bew\u00e4ltigen.<\/p>\n<p>                Christian Friedel, Schauspieler und Regisseur<\/p>\n<\/blockquote>\n<p class=\"\"><strong>Wie sehr hat sie das Thema Landtagswahlen in Sachsen-Anhalt von der Theaterarbeit abgelenkt? Haben Sie die Wahlen immer wieder aus dem Kopf bekommen m\u00fcssen?<\/strong><\/p>\n<p class=\"\">Ich habe sie eigentlich bewusst mit reingenommen. Ohne jetzt einen deutlich politischen Abend zu machen, war f\u00fcr mich das erste Bild, der erste Wunsch, den ich hatte, ein diverses Ensemble: ein Ensemble, das aus verschiedenen Kunstrichtungen kommt, von Musik, Tanz, Schauspiel, eine gro\u00dfe Gemeinschaft, die miteinander in die Kommunikation tritt. Die Kunst ist ihre gemeinsame Sprache und sie gehen durch H\u00f6hen und Tiefen und finden am Schluss wieder zusammen.<\/p>\n<p class=\"\">Und mit diesem Bild m\u00f6chte ich gerne die Menschen auch entlassen, denn wir leben gerade in sehr komplizierten Zeiten. Einen Tag nach unserer Premiere ist die Landtagswahl, auf die wir nat\u00fcrlich alle besorgt schauen in Sachsen-Anhalt.<\/p>\n<p class=\"\">Und wenn ich hier diese Proben mache und merke, wie wir als Gemeinschaft zusammen diesen Theaterabend stemmen \u2013 vor, hinter, auf der B\u00fchne, dann ber\u00fchrt mich das zutiefst und gibt mir den Glauben, dass es Hoffnung gibt und dass wir optimistisch sein k\u00f6nnen, dass wir diese komplizierten Zeiten gemeinsam bew\u00e4ltigen k\u00f6nnen. Und das ist f\u00fcr mich eigentlich die wichtigste Aussage dieses Abends.<\/p>\n<p>Dieses Interview wurde zur besseren Verst\u00e4ndlichkeit gek\u00fcrzt und sprachlich leicht angepasst. Das ganze Gespr\u00e4ch kann als Audio geh\u00f6rt werden.<\/p>\n<p><strong>&#8222;Love, Death &amp; Shadows&#8220;<\/strong><br \/>William Shakespeares Sonette<\/p>\n<p><strong>Premiere:<\/strong> Samstag, 5.9.2026, 19:30 Uhr, Schauspielhaus<\/p>\n<p>Regie: Christian Friedel<br \/>Musik: Woods of Birnam<br \/>Mit: Ensemble des Staatsschauspiels Dresden, Semperoper-Ballett, Palucca Hochschule f\u00fcr Tanz Dresden<\/p>\n<p><strong>Weitere Termine: <\/strong><br \/>Sonntag, 06.09.2026, 19:00 Uhr, Schauspielhaus<br \/>Montag, 14.09.2026, 19:30 Uhr, Schauspielhaus<br \/>Freitag, 02.10.2026, 19:30 Uhr, Schauspielhaus<br \/>Sonntag, 11.10.2026, 19:00 Uhr, Schauspielhaus<br \/>Montag, 16.11.2026, 19:30 Uhr, Schauspielhaus<br \/>Freitag, 18.12.2026, 19:30 Uhr, Schauspielhaus<\/p>\n<p class=\"\">Quelle: MDR KULTUR (Interview: Carsten Tesch)<br \/>\n <br \/>Redaktionelle Bearbeitung: lm, hki<\/p>\n","protected":false},"excerpt":{"rendered":"AUDIO: Warum Christian Friedel Shakespeares Sonette auf die B\u00fchne bringt (11 Min) Interview Stand: 03.09.2026 11:35 Uhr Mit&hellip;\n","protected":false},"author":2,"featured_media":1277856,"comment_status":"","ping_status":"","sticky":false,"template":"","format":"standard","meta":{"footnotes":"","_share_on_mastodon":"0"},"categories":[1835],"tags":[157398,3364,29,2386,30,66,859,6903,150787,69239,94],"class_list":["post-1277855","post","type-post","status-publish","format-standard","has-post-thumbnail","category-dresden","tag-christian-friedel","tag-de","tag-deutschland","tag-dresden","tag-germany","tag-kulturnachrichten","tag-sachsen","tag-schauspiel","tag-shakespear","tag-staatsschauspiel","tag-theater"],"share_on_mastodon":{"url":"https:\/\/pubeurope.com\/@de\/117206578379586601","error":""},"_links":{"self":[{"href":"https:\/\/www.europesays.com\/de\/wp-json\/wp\/v2\/posts\/1277855","targetHints":{"allow":["GET"]}}],"collection":[{"href":"https:\/\/www.europesays.com\/de\/wp-json\/wp\/v2\/posts"}],"about":[{"href":"https:\/\/www.europesays.com\/de\/wp-json\/wp\/v2\/types\/post"}],"author":[{"embeddable":true,"href":"https:\/\/www.europesays.com\/de\/wp-json\/wp\/v2\/users\/2"}],"replies":[{"embeddable":true,"href":"https:\/\/www.europesays.com\/de\/wp-json\/wp\/v2\/comments?post=1277855"}],"version-history":[{"count":0,"href":"https:\/\/www.europesays.com\/de\/wp-json\/wp\/v2\/posts\/1277855\/revisions"}],"wp:featuredmedia":[{"embeddable":true,"href":"https:\/\/www.europesays.com\/de\/wp-json\/wp\/v2\/media\/1277856"}],"wp:attachment":[{"href":"https:\/\/www.europesays.com\/de\/wp-json\/wp\/v2\/media?parent=1277855"}],"wp:term":[{"taxonomy":"category","embeddable":true,"href":"https:\/\/www.europesays.com\/de\/wp-json\/wp\/v2\/categories?post=1277855"},{"taxonomy":"post_tag","embeddable":true,"href":"https:\/\/www.europesays.com\/de\/wp-json\/wp\/v2\/tags?post=1277855"}],"curies":[{"name":"wp","href":"https:\/\/api.w.org\/{rel}","templated":true}]}}