{"id":1277857,"date":"2026-09-03T10:13:20","date_gmt":"2026-09-03T10:13:20","guid":{"rendered":"https:\/\/www.europesays.com\/de\/1277857\/"},"modified":"2026-09-03T10:13:20","modified_gmt":"2026-09-03T10:13:20","slug":"dynamo-dresden-gegen-den-vfl-bochum-2-bundesliga-live-im-free-tv","status":"publish","type":"post","link":"https:\/\/www.europesays.com\/de\/1277857\/","title":{"rendered":"Dynamo Dresden gegen den VfL Bochum: 2. Bundesliga live im Free-TV"},"content":{"rendered":"<p>Mannschaften unter Zugzwang <\/p>\n<p>Hier sehen Sie das Zweitliga-Topspiel im Free-TV<\/p>\n<p>03.09.2026 &#8211; 11:54 UhrLesedauer: 1 Min.<\/p>\n<p><a href=\"#focus-0\" class=\"transition-colors block text-current relative\" data-sctrack=\"FocusGalleryImage.Reference\"><img fetchpriority=\"high\" data-testid=\"Opener.Image\"   loading=\"eager\" src=\"https:\/\/www.europesays.com\/de\/wp-content\/uploads\/2026\/09\/philipp-hofmann-der-stuermer-erlebt-einen-schweren-saisonstart-mit-dem-vfl.jpg\" alt=\"imago images 1082106251\" title=\"imago images 1082106251\" width=\"5050\" height=\"2841\" class=\"bg-[url:var(--lqipURL)] bg-cover bg-center flex h-full w-full max-w-full\" style=\"--lqipURL:url('https:\/\/images.t-online.de\/2026\/09\/M5ggTYTEpcHs\/518x167:5050x2841\/fit-in\/150x0\/filters:blur(25)\/philipp-hofmann-der-stuermer-erlebt-einen-schweren-saisonstart-mit-dem-vfl.jpg')\" decoding=\"async\"\/><img loading=\"lazy\" src=\"https:\/\/www.t-online.de\/s\/paper\/_next\/static\/media\/zoom-in.f7dae02f.svg\" alt=\"Vergr\u00f6\u00dfern des Bildes\" title=\"Vergr\u00f6\u00dfern des Bildes\" class=\"block h-[calc(var(--height)_\/_16_*_1rem)] w-[calc(var(--width)_\/_16_*_1rem)] max-w-none absolute right-8 bottom-8 rounded-4 bg-snow p-8\" style=\"--width:32;--height:32\" decoding=\"async\"\/><\/a><\/p>\n<p>Philipp Hofmann: Der St\u00fcrmer erlebt einen schweren Saisonstart mit dem VfL. (Quelle: IMAGO\/Malte Ossowski\/Sven Simon\/imago)<\/p>\n<p class=\"font-bold text-18 leading-17 user-text-lg:text-22 user-text-xl:text-24\"><strong class=\"font-bold\">Am 4. Spieltag empf\u00e4ngt Dynamo Dresden den VfL Bochum. t-online gibt eine \u00dcbersicht, wo Sie das Duell live sehen k\u00f6nnen.<\/strong><\/p>\n<p class=\"text-18 leading-17 user-text-lg:text-22 user-text-xl:text-24\">F\u00fcr <a href=\"https:\/\/www.t-online.de\/themen\/dynamo-dresden\/\" class=\"transition-colors cursor-pointer no-underline md:hover:text-magenta md:focus:text-magenta border-b border-solid border-current text-salemsfur md:hover:border-magenta\" data-tracking=\"{&quot;action&quot;:&quot;click&quot;,&quot;category&quot;:&quot;intextLink&quot;,&quot;label&quot;:&quot;\/themen\/dynamo-dresden\/&quot;}\" data-sctrack=\"BodyAnchor\" rel=\"nofollow noopener\" target=\"_blank\">Dynamo Dresden<\/a> und den <a href=\"https:\/\/www.t-online.de\/themen\/vfl-bochum\/\" class=\"transition-colors cursor-pointer no-underline md:hover:text-magenta md:focus:text-magenta border-b border-solid border-current text-salemsfur md:hover:border-magenta\" data-tracking=\"{&quot;action&quot;:&quot;click&quot;,&quot;category&quot;:&quot;intextLink&quot;,&quot;label&quot;:&quot;\/themen\/vfl-bochum\/&quot;}\" data-sctrack=\"BodyAnchor\" rel=\"nofollow noopener\" target=\"_blank\">VfL Bochum<\/a> geht es am Samstagabend darum, eine Reaktion auf den vergangenen Spieltag zu zeigen. Die Bochumer verloren zuletzt zu Hause mit 0:1 gegen den <a href=\"https:\/\/www.t-online.de\/themen\/vfl-osnabrueck\/\" class=\"transition-colors cursor-pointer no-underline md:hover:text-magenta md:focus:text-magenta border-b border-solid border-current text-salemsfur md:hover:border-magenta\" data-tracking=\"{&quot;action&quot;:&quot;click&quot;,&quot;category&quot;:&quot;intextLink&quot;,&quot;label&quot;:&quot;\/themen\/vfl-osnabrueck\/&quot;}\" data-sctrack=\"BodyAnchor\" rel=\"nofollow noopener\" target=\"_blank\">VfL Osnabr\u00fcck<\/a>. Dresden musste sich beim <a href=\"https:\/\/www.t-online.de\/themen\/1-fc-heidenheim\/\" class=\"transition-colors cursor-pointer no-underline md:hover:text-magenta md:focus:text-magenta border-b border-solid border-current text-salemsfur md:hover:border-magenta\" data-tracking=\"{&quot;action&quot;:&quot;click&quot;,&quot;category&quot;:&quot;intextLink&quot;,&quot;label&quot;:&quot;\/themen\/1-fc-heidenheim\/&quot;}\" data-sctrack=\"BodyAnchor\" rel=\"nofollow noopener\" target=\"_blank\">1. FC Heidenheim<\/a> trotz Halbzeitf\u00fchrung mit 3:5 geschlagen geben.<\/p>\n<p class=\"text-18 leading-17 user-text-lg:text-22 user-text-xl:text-24\">Nun treffen beide Teams am 4. Spieltag der <a href=\"https:\/\/www.t-online.de\/sport\/fussball\/2-bundesliga\/\" class=\"transition-colors cursor-pointer no-underline md:hover:text-magenta md:focus:text-magenta border-b border-solid border-current text-salemsfur md:hover:border-magenta\" data-tracking=\"{&quot;action&quot;:&quot;click&quot;,&quot;category&quot;:&quot;intextLink&quot;,&quot;label&quot;:&quot;\/sport\/fussball\/2-bundesliga\/&quot;}\" data-sctrack=\"BodyAnchor\" rel=\"nofollow noopener\" target=\"_blank\">2. Bundesliga<\/a> direkt aufeinander. Anpfiff im Rudolf-Harbig-Stadion in Dresden ist am Samstag um 20.30 Uhr.<\/p>\n<p class=\"text-18 leading-17 user-text-lg:text-22 user-text-xl:text-24\">Das Spiel zwischen Dynamo Dresden und dem VfL <a href=\"https:\/\/bochum.t-online.de\/region\/bochum\/\" class=\"transition-colors cursor-pointer no-underline md:hover:text-magenta md:focus:text-magenta border-b border-solid border-current text-salemsfur md:hover:border-magenta\" data-tracking=\"{&quot;action&quot;:&quot;click&quot;,&quot;category&quot;:&quot;intextLink&quot;,&quot;label&quot;:&quot;https:\/\/bochum.t-online.de\/region\/bochum\/&quot;}\" data-sctrack=\"BodyAnchor\" rel=\"nofollow noopener\" target=\"_blank\">Bochum<\/a> wird live im Free-TV bei Nitro gezeigt. Zudem \u00fcbertr\u00e4gt Sky die Partie im Pay-TV.<\/p>\n<p class=\"text-18 leading-17 user-text-lg:text-22 user-text-xl:text-24\">Auch im Livestream ist das Duell zu sehen. RTL+ und WOW zeigen die Begegnung. F\u00fcr beide Streamingdienste ben\u00f6tigen Sie ein kostenpflichtiges Abonnement.<\/p>\n<p class=\"text-18 leading-17 user-text-lg:text-22 user-text-xl:text-24\">In der vergangenen Saison konnten die Dresdener beide Partien gegen f\u00fcr sich entscheiden. Im direkten Vergleich haben dennoch die Bochumer die Oberhand. In bislang 26 Duellen ging die Mannschaft aus dem Ruhrpott zehnmal als Sieger vom Feld. Die Sachsen konnten bislang sieben Spiele gegen Bochum gewinnen.<\/p>\n","protected":false},"excerpt":{"rendered":"Mannschaften unter Zugzwang Hier sehen Sie das Zweitliga-Topspiel im Free-TV 03.09.2026 &#8211; 11:54 UhrLesedauer: 1 Min. Philipp Hofmann:&hellip;\n","protected":false},"author":2,"featured_media":1277858,"comment_status":"","ping_status":"","sticky":false,"template":"","format":"standard","meta":{"footnotes":"","_share_on_mastodon":"0"},"categories":[1835],"tags":[17188,722,621,7507,3364,29,2386,3766,30,17193,3797,859,3377,226,8173,12777,162834],"class_list":["post-1277857","post","type-post","status-publish","format-standard","has-post-thumbnail","category-dresden","tag-1-fc-heidenheim","tag-722","tag-2-bundesliga","tag-bochum","tag-de","tag-deutschland","tag-dresden","tag-dynamo-dresden","tag-germany","tag-philipp-hofmann","tag-rudolf-harbig-stadion","tag-sachsen","tag-saisonstart","tag-t-online","tag-vfl-bochum","tag-vfl-osnabrueck","tag-zugzwang"],"share_on_mastodon":{"url":"","error":""},"_links":{"self":[{"href":"https:\/\/www.europesays.com\/de\/wp-json\/wp\/v2\/posts\/1277857","targetHints":{"allow":["GET"]}}],"collection":[{"href":"https:\/\/www.europesays.com\/de\/wp-json\/wp\/v2\/posts"}],"about":[{"href":"https:\/\/www.europesays.com\/de\/wp-json\/wp\/v2\/types\/post"}],"author":[{"embeddable":true,"href":"https:\/\/www.europesays.com\/de\/wp-json\/wp\/v2\/users\/2"}],"replies":[{"embeddable":true,"href":"https:\/\/www.europesays.com\/de\/wp-json\/wp\/v2\/comments?post=1277857"}],"version-history":[{"count":0,"href":"https:\/\/www.europesays.com\/de\/wp-json\/wp\/v2\/posts\/1277857\/revisions"}],"wp:featuredmedia":[{"embeddable":true,"href":"https:\/\/www.europesays.com\/de\/wp-json\/wp\/v2\/media\/1277858"}],"wp:attachment":[{"href":"https:\/\/www.europesays.com\/de\/wp-json\/wp\/v2\/media?parent=1277857"}],"wp:term":[{"taxonomy":"category","embeddable":true,"href":"https:\/\/www.europesays.com\/de\/wp-json\/wp\/v2\/categories?post=1277857"},{"taxonomy":"post_tag","embeddable":true,"href":"https:\/\/www.europesays.com\/de\/wp-json\/wp\/v2\/tags?post=1277857"}],"curies":[{"name":"wp","href":"https:\/\/api.w.org\/{rel}","templated":true}]}}