{"id":1277869,"date":"2026-09-03T10:19:18","date_gmt":"2026-09-03T10:19:18","guid":{"rendered":"https:\/\/www.europesays.com\/de\/1277869\/"},"modified":"2026-09-03T10:19:18","modified_gmt":"2026-09-03T10:19:18","slug":"bvb-transfer-news-und-geruechte-nwaneri-klausel-enthuellt","status":"publish","type":"post","link":"https:\/\/www.europesays.com\/de\/1277869\/","title":{"rendered":"BVB &#8211; Transfer-News und Ger\u00fcchte: Nwaneri-Klausel enth\u00fcllt!"},"content":{"rendered":"\n<p class=\"wp-block-paragraph\">Zug\u00e4nge, Abg\u00e4nge, fixe Transfers oder Leihen \u2013 die Ger\u00fcchtek\u00fcche bleibt weiter hei\u00df. Rund um Borussia Dortmund schie\u00dfen mal wieder Transfer-News und Ger\u00fcchte wie Pilze aus dem Boden.<\/p>\n<p class=\"wp-block-paragraph\">Gesch\u00e4ftsf\u00fchrer Sport Lars Ricken und Sportdirektor Ole Book haben auch nach einem langen, anstrengenden Sommer unter Druck. So manche Baustelle im Kader von Borussia Dortmund wurde nach einer entt\u00e4uschenden Saison nicht behoben.<\/p>\n<p> Borussia Dortmund: Transfer-News und Ger\u00fcchte <\/p>\n<p class=\"wp-block-paragraph\">Welche Spieler verpflichtet der <a href=\"https:\/\/www.derwesten.de\/sport\/fussball\/bvb\" target=\"_blank\" rel=\"noreferrer noopener nofollow\">BVB<\/a>? Welche Abg\u00e4nge muss Borussia Dortmund verkraften? Wir behalten bei den Transfer-Pl\u00e4nen von Borussia Dortmund den \u00dcberblick und halten alle BVB-Fans in unserem Transfer-Blog stets auf dem Laufenden.<\/p>\n<p class=\"has-text-align-center has-primary-background-color has-background wp-block-paragraph\"><a href=\"https:\/\/www.derwesten.de\/sport\/fussball\/bvb\/borussia-dortmund-transfer-news-geruechte-id300541792.html\" rel=\"nofollow noopener\" target=\"_blank\"><strong>+++ Transfer-Blog aktualisieren +++<\/strong><\/a><\/p>\n<p> Nwaneri-Klausel enth\u00fcllt! <\/p>\n<p class=\"wp-block-paragraph\"><strong>03. September: <\/strong>Giannis Konstantelias wird f\u00fcr mindestens ein halbes Jahr nicht mehr zur Verf\u00fcgung stehen. Immerhin konnte die Borussia durch die Leihe von Ethan Nwaneri einen kurzfristigen, aber qualitativ hochwertigen Ersatz verpflichten. Doch in seinen Vertrag beim BVB lie\u00df sich Nwaneri eine R\u00fcckhol-Klausel integrieren, wie Transferexperte Fabrizio Romano berichtet. Das bedeutet, <a href=\"https:\/\/www.derwesten.de\/sport\/fussball\/bvb\/nwaneri-bvb-vertrag-klausel-rueckhol-winter-id302150847.html\" rel=\"nofollow noopener\" target=\"_blank\">Arsenal kann den kreativen Offensivstar bei Bedarf schon im Winter wieder nach London holen.<\/a><\/p>\n<p> Analyse zum neuen Arsenal-Star <\/p>\n<p class=\"wp-block-paragraph\"><strong>02. September: <\/strong>Nach der schweren Verletzung von Giannias Konstantelias hat der BVB Ethan Nwaneri als Ersatz verpflichtet. Der 19-J\u00e4hrige kommt per Leihe ohne Kaufoption vom FC Arsenal. Doch mit Blick auf die Kaderstruktur des BVB und das durch Konstantelias \u201eweggebrochene\u201c Profil ergeben sich durchaus kleinere Fragezeichen, ob das mit Nwaneri wirklich passt. <a href=\"https:\/\/www.derwesten.de\/sport\/fussball\/bvb\/borussia-dortmund-bvb-transfers-nwaneri-id302150021.html\" rel=\"nofollow noopener\" target=\"_blank\">Vor allem mit Blick auf Konstantinos Karetsas.<\/a><\/p>\n<p> DEADLINE DAY <\/p>\n<p class=\"wp-block-paragraph\"><strong>Nwaneri kommt!<\/strong><\/p>\n<p class=\"wp-block-paragraph\">Der BVB hat seinen Deadline-Day-Deal und Konstantelias-Ersatz. Ethan Nwaneri wird vom FC Arsenal ausgeliehen und spielt mindestens f\u00fcr diese Saison in schwarzgelb. <a href=\"https:\/\/www.derwesten.de\/sport\/fussball\/bvb\/bvb-nwaneri-arsenal-leihe-konstantelias-transfer-id302149765.html\" rel=\"nofollow noopener\" target=\"_blank\">Alle Details zum Transfer hier.<\/a><\/p>\n<p> Sabitzer bleibt  <\/p>\n<p class=\"wp-block-paragraph\"><strong>11.47 Uhr: <\/strong>Eine weitere Entscheidung ist gefallen: Wie sein Berater Roger Wittmann gegen\u00fcber \u201eSky\u201c erkl\u00e4rte, wird Marcel Sabitzer nicht wechseln und auch kommende Saison bei Borussia Dortmund bleiben.<\/p>\n<p> Entscheidung pro Nwaneri wohl endg\u00fcltig gefallen  <\/p>\n<p class=\"wp-block-paragraph\"><strong>11.20 Uhr:<\/strong> Und dann wird es eben wohl \u201enur\u201c Nwaneri. Die BVB-Bosse haben den englischen Offensiv-Akteur intern als A-L\u00f6sung gesehen und zuletzt wohl Druck gemacht. Regula w\u00e4re nur gekommen, falls das Leih-Modell mit Nwaneri nicht geklappt h\u00e4tte. Doch danach sieht es in diesen Stunden aus. <\/p>\n<p class=\"wp-block-paragraph\">In diesen Stunden wird Nwaneri nach Deutschland reisen, um seinen MedCheck zu absolvieren. Danach k\u00f6nnte der Deal gegen Abend dann offiziell werden. <\/p>\n<p> Hintergr\u00fcnde zum Nwaneri-Deal  <\/p>\n<p class=\"wp-block-paragraph\"><strong>10.05:<\/strong> \u201eSky\u201c verr\u00e4t einige Details zum m\u00f6glichen Nwaneri-Transfer: Es soll sich um eine Leihe ohne Kaufoption handeln. Allerdings w\u00e4re eine Leihgeb\u00fchr und die \u00dcbernahme des Gehalts f\u00e4llig. Das Gesamtpaket soll bei rund f\u00fcnf Millionen Euro liegen. Und: Kommt Nwaneri, w\u00fcrde Regula wohl nicht mehr kommen! <\/p>\n<p> Nwaneri vor BVB-Wechsel  <\/p>\n<p class=\"wp-block-paragraph\"><strong>08.45 Uhr: <\/strong>Und da geht es auch schon los! Laut Transfer-Guru Fabrizio Romano wechselt Ethan Nwaneri per Leihe zum BVB. Zuletzt sind die Gespr\u00e4che zwischen Dortmund und Arsenal in Haken geraten, jetzt ist man sich einig geworden! Kommt jetzt auch Regula noch oder ist dieser Deal nun vom Tisch? <\/p>\n<p> Polen-Juwel im Anmarsch <\/p>\n<p class=\"wp-block-paragraph\"><strong>01. September:<\/strong> Jetzt kommt richtig Bewegung rein. Marcel Regula soll der auserkorene Ersatz sein, da die Verhandlungen mit Arsenal und Nwaneri sich als schwierig gestalten. Wer der polnische Youngster ist, <a href=\"https:\/\/www.derwesten.de\/sport\/fussball\/bvb\/bvb-borussia-dortmund-marcel-regula-transfer-konstantelias-id302148774.html\" rel=\"nofollow noopener\" target=\"_blank\">erf\u00e4hrst du hier.<\/a><\/p>\n<p> BVB schaut nach England <\/p>\n<p class=\"wp-block-paragraph\"><strong>01. September:<\/strong> Deadline-Day in der Bundesliga! Bis heute muss der BVB einen Ersatz f\u00fcr Giannis Konstantelias pr\u00e4sentieren. Eine von vielen Spuren f\u00fchrt nach England zum FC Arsenal und Ethan Nwaneri. Warum er es den Dortmundern angetan hat, <a href=\"https:\/\/www.derwesten.de\/sport\/fussball\/bvb\/borussia-dortmund-bvb-konstantelias-nwaneri-arsenal-id302148629.html\" rel=\"nofollow noopener\" target=\"_blank\">liest du hier.<\/a><\/p>\n<p> Wahnsinn um Ex-Talent <\/p>\n<p class=\"wp-block-paragraph\"><strong>31. August: <\/strong>Beim BVB ist er am Ende nur noch bel\u00e4chelt worden, die letzten Jahre verliefen alles andere als optimal. Doch in diesen Tage sorgt ein Ex-BVB-Juwel f\u00fcr m\u00e4chtig Furore. <a href=\"https:\/\/www.derwesten.de\/sport\/fussball\/bvb\/bvb-paris-brunner-monaco-rueckkaufoption-talent-id302147983.html\" rel=\"nofollow noopener\" target=\"_blank\">Und Schwarz-Gelb k\u00f6nnte sich noch richtig \u00e4rgern. <\/a><\/p>\n<p> Nach Fort-Pleite: Kommt dennoch ein Neuer?  <\/p>\n<p class=\"wp-block-paragraph\"><strong>27. August:<\/strong> Hector Fort wird nicht zum BVB wechseln, er wird in Spanien bleiben. Und doch k\u00f6nnte Borussia Dortmund noch einmal auf dem Transfermarkt zuschlagen. <a href=\"https:\/\/www.derwesten.de\/sport\/fussball\/bvb\/borussia-dortmund-bvb-transfers-fort-id302145411.html\" rel=\"nofollow noopener\" target=\"_blank\">Mehr Infos liest Du hier.<\/a><\/p>\n<p> Fort-Wechsel vom Tisch <\/p>\n<p class=\"wp-block-paragraph\"><strong>26. August:<\/strong> Und auch der anvisierte Transfer von Hector Fort nach Dortmund wird nichts. Welcher andere Verein stattdessen zuschl\u00e4gt, <a href=\"https:\/\/www.derwesten.de\/sport\/fussball\/bvb\/bvb-hector-fort-wechsel-real-sociedad-barcelona-id302145218.html\" id=\"302145218\" rel=\"nofollow noopener\" target=\"_blank\">liest du hier.<\/a><\/p>\n<p> Kein Woltemade-Wechsel  <\/p>\n<p class=\"wp-block-paragraph\"><strong>26. August:<\/strong> Zuletzt ist der BVB mit einem Leih-Wechsel von Nick Woltemade in Verbindung gebracht. Der deutsche Nationalspieler hat eine Entscheidung getroffen: Er m\u00f6chte in England bleiben. <a href=\"https:\/\/www.derwesten.de\/sport\/fussball\/bvb\/borussia-dortmund-bvb-woltemade-transfer-id302144545.html\" rel=\"nofollow noopener\" target=\"_blank\">Alle Details hier. <\/a><\/p>\n<p> Vorerst Klarheit um Luca Reggiani <\/p>\n<p class=\"wp-block-paragraph\"><strong>25. August:<\/strong> Luca Reggiani gilt als riesiges Abwehrtalent, deutete das bei den Profis auch schon an. In der BVB-Hierarchie spielt er aktuell aber nur die f\u00fcnfte Geige. Dann hatte sich auch noch Inter Mailand intensiv mit dem Italiener besch\u00e4ftigt. Nun gibt es Entwarnung. Inter verfolgt eine Reggiani-Verpflichtung vorerst (!) nicht weiter. <a href=\"https:\/\/www.derwesten.de\/sport\/fussball\/bvb\/bvb-transfers-reggiani-inter-mailand-id302143656.html\" rel=\"nofollow noopener\" target=\"_blank\">Hier alle Details.<\/a><\/p>\n<p> Neuer Barca-Wirbel um Guirassy <\/p>\n<p class=\"wp-block-paragraph\"><strong>24. August:<\/strong> Wieder Barcelona-Wirbel um Serhou Guirassy. Laut \u201eBild\u201c haben die Katalanen den BVB-St\u00fcrmer erneut als Lewandowski-Ersatz ins Visier genommen. Sein schon in Dortmund \u00fcppiges Gehalt (10 Mio\/Jahr) soll aber abgeschreckt haben.\u00a0Dennoch zeigt das: Ein Abgang des St\u00fcrmer-Stars ist noch immer nicht ganz vom Tisch \u2013 und die Dortmunder Bosse sollten Alternativen im Blick haben.<\/p>\n<p> Fabio Silva spricht \u00fcber seine Zukunft <\/p>\n<p class=\"wp-block-paragraph\"><strong>23. August:<\/strong> Nach seinem Treffer im Supercup gegen Bayern M\u00fcnchen (1:2) betont Fabio Silva abermals, dass er \u201emehr Spiele von Beginn an machen und der Mannschaft helfen will\u201c. Zuletzt galt er als hei\u00dfer Wechselkandidat beim BVB. Ob er diesen Status noch umbiegen kann?<\/p>\n<p>   Display content from Twitter   <\/p>\n<p class=\"fd-embed-privacy-content-line1\">An dieser Stelle befindet sich ein externer Inhalt von Twitter der von unserer Redaktion empfohlen wird. Er erg\u00e4nzt den Artikel und kann mit einem Klick angezeigt und wieder ausgeblendet werden.<\/p>\n<p class=\"fd-embed-privacy-content-line2\">Ich bin damit einverstanden, dass mir dieser externe Inhalt angezeigt wird. Es k\u00f6nnen dabei personenbezogene Daten an den Anbieter des Inhalts und Drittdienste \u00fcbermittelt werden.<\/p>\n<p>     WM-Star Verlierer der Transfer-Offensive <\/p>\n<p class=\"wp-block-paragraph\"><strong>22. August:<\/strong> Mit Joane Gadou, Konstantinos Karetsas, Joey Veerman und Giannis Konstanteilias kamen gleich vier Spieler f\u00fcr eine Abl\u00f6se im hohen zweistelligen Millionenbereich. <a href=\"https:\/\/www.derwesten.de\/sport\/fussball\/bvb\/bvb-transfer-offensive-opfer-sabitzer-id302141526.html\" rel=\"nofollow noopener\" target=\"_blank\">Marcel Sabitzer k\u00f6nnte, nach durchwachsener Saison, damit die Rolle als Bankdr\u00fccker drohen.<\/a><\/p>\n<p> Neuzugang vor Leih-Abgang?  <\/p>\n<p class=\"wp-block-paragraph\"><strong>20. August:<\/strong> Erst vor wenigen Wochen kam Justin Lerma zum BVB, doch schon jetzt k\u00f6nnte er wieder den Abflug machen. Eine Leihe steht im Raum. <a href=\"https:\/\/www.derwesten.de\/sport\/fussball\/bvb\/justin-lerma-bvb-dortmund-u23-leihe-id302139901.html\" rel=\"nofollow noopener\" target=\"_blank\">Alle Details liest Du hier.<\/a><\/p>\n<p> Langfristiger Vertrag f\u00fcr Enzo dos Santos <\/p>\n<p class=\"wp-block-paragraph\"><strong>19. August:<\/strong> Borussia Dortmund hat den luxemburgischen Nationalspieler Enzo dos Santos mit einem Profivertrag ausgestattet. Der 17 Jahre alte Mittelfeldspieler aus dem eigenen Nachwuchs unterschrieb ein langfristiges Arbeitspapier. \u00dcber die genaue Laufzeit des Kontrakts machte der Bundesligist allerdings keine Angaben. <a href=\"https:\/\/www.derwesten.de\/sport\/fussball\/bvb\/bvb-borussia-dortmund-profi-vertrag-dos-santos-clone-id302139740.html\" rel=\"nofollow noopener\" target=\"_blank\">Gro\u00dfes Lob kommt von den Klub-Bossen.<\/a><\/p>\n<p> Veerman kommt auch <\/p>\n<p class=\"wp-block-paragraph\"><strong>18. August:<\/strong> Und da ist die n\u00e4chste Verk\u00fcndung. Wie schon durchgesickert, wird auch Joey Veerman von PSV Eindhoven verpflichet. Der zentrale Mittelfeldspieler kriegt einen Vertrag bis 2031. <a href=\"https:\/\/www.derwesten.de\/sport\/fussball\/bvb\/bv-transfer-veerman-eindhoven-details-id302138509.html\" rel=\"nofollow noopener\" target=\"_blank\">Alle Details zum BVB-Transfer hier.<\/a><\/p>\n<p>   Display content from Twitter   <\/p>\n<p class=\"fd-embed-privacy-content-line1\">An dieser Stelle befindet sich ein externer Inhalt von Twitter der von unserer Redaktion empfohlen wird. Er erg\u00e4nzt den Artikel und kann mit einem Klick angezeigt und wieder ausgeblendet werden.<\/p>\n<p class=\"fd-embed-privacy-content-line2\">Ich bin damit einverstanden, dass mir dieser externe Inhalt angezeigt wird. Es k\u00f6nnen dabei personenbezogene Daten an den Anbieter des Inhalts und Drittdienste \u00fcbermittelt werden.<\/p>\n<p>     Konstantelias kommt <\/p>\n<p class=\"wp-block-paragraph\"><strong>17. August:<\/strong> Alles klar mit Giannis Konstantelias! Die Einigung mit Spieler und PAOK ist erfolgt. Borussia Dortmund stellt am Montagnachmittag seinen griechischen Neuzugang vor. Der 23-j\u00e4hirge offensive Mittelfeldspieler erh\u00e4lt einen Vertrag beim BVB bis 2031.<\/p>\n<p>   Display content from Twitter   <\/p>\n<p class=\"fd-embed-privacy-content-line1\">An dieser Stelle befindet sich ein externer Inhalt von Twitter der von unserer Redaktion empfohlen wird. Er erg\u00e4nzt den Artikel und kann mit einem Klick angezeigt und wieder ausgeblendet werden.<\/p>\n<p class=\"fd-embed-privacy-content-line2\">Ich bin damit einverstanden, dass mir dieser externe Inhalt angezeigt wird. Es k\u00f6nnen dabei personenbezogene Daten an den Anbieter des Inhalts und Drittdienste \u00fcbermittelt werden.<\/p>\n<p class=\"wp-block-paragraph\">Noch mehr News f\u00fcr dich:<\/p>\n<p>  El-Mala-Alternative schon in Dortmund  <\/p>\n<p class=\"wp-block-paragraph\"><strong>16. August:<\/strong> So schnell kann es gehen. Erst vor zwei Tagen platzte der Transfer von Said El Mala zum BVB und schon heute befindet dich der Alternativ-Deal auf der Zielgeraden. <a href=\"https:\/\/www.derwesten.de\/sport\/fussball\/bvb\/borussia-dortmund-bvb-transfer-konstantelias-id302137035.html\" rel=\"nofollow noopener\" target=\"_blank\">Der Wunschspieler ist schon in Deutschland gelandet!<\/a><\/p>\n","protected":false},"excerpt":{"rendered":"Zug\u00e4nge, Abg\u00e4nge, fixe Transfers oder Leihen \u2013 die Ger\u00fcchtek\u00fcche bleibt weiter hei\u00df. Rund um Borussia Dortmund schie\u00dfen mal&hellip;\n","protected":false},"author":2,"featured_media":907025,"comment_status":"","ping_status":"","sticky":false,"template":"","format":"standard","meta":{"footnotes":"","_share_on_mastodon":"0"},"categories":[1833],"tags":[3364,29,217,30,3470,1209,7843],"class_list":["post-1277869","post","type-post","status-publish","format-standard","has-post-thumbnail","category-dortmund","tag-de","tag-deutschland","tag-dortmund","tag-germany","tag-jadon-sancho","tag-nordrhein-westfalen","tag-youssoufa-moukoko"],"share_on_mastodon":{"url":"https:\/\/pubeurope.com\/@de\/117206605331576461","error":""},"_links":{"self":[{"href":"https:\/\/www.europesays.com\/de\/wp-json\/wp\/v2\/posts\/1277869","targetHints":{"allow":["GET"]}}],"collection":[{"href":"https:\/\/www.europesays.com\/de\/wp-json\/wp\/v2\/posts"}],"about":[{"href":"https:\/\/www.europesays.com\/de\/wp-json\/wp\/v2\/types\/post"}],"author":[{"embeddable":true,"href":"https:\/\/www.europesays.com\/de\/wp-json\/wp\/v2\/users\/2"}],"replies":[{"embeddable":true,"href":"https:\/\/www.europesays.com\/de\/wp-json\/wp\/v2\/comments?post=1277869"}],"version-history":[{"count":0,"href":"https:\/\/www.europesays.com\/de\/wp-json\/wp\/v2\/posts\/1277869\/revisions"}],"wp:featuredmedia":[{"embeddable":true,"href":"https:\/\/www.europesays.com\/de\/wp-json\/wp\/v2\/media\/907025"}],"wp:attachment":[{"href":"https:\/\/www.europesays.com\/de\/wp-json\/wp\/v2\/media?parent=1277869"}],"wp:term":[{"taxonomy":"category","embeddable":true,"href":"https:\/\/www.europesays.com\/de\/wp-json\/wp\/v2\/categories?post=1277869"},{"taxonomy":"post_tag","embeddable":true,"href":"https:\/\/www.europesays.com\/de\/wp-json\/wp\/v2\/tags?post=1277869"}],"curies":[{"name":"wp","href":"https:\/\/api.w.org\/{rel}","templated":true}]}}