{"id":1277894,"date":"2026-09-03T10:36:43","date_gmt":"2026-09-03T10:36:43","guid":{"rendered":"https:\/\/www.europesays.com\/de\/1277894\/"},"modified":"2026-09-03T10:36:43","modified_gmt":"2026-09-03T10:36:43","slug":"nach-schuessen-im-park-21-jaehriger-in-u-haft","status":"publish","type":"post","link":"https:\/\/www.europesays.com\/de\/1277894\/","title":{"rendered":"Nach Sch\u00fcssen im Park: 21-J\u00e4hriger in U-Haft"},"content":{"rendered":"<p _ngcontent-sc113=\"\"> 03. September 2026 \u2013 Isabell W\u00fcppenhorst <\/p>\n<p _ngcontent-sc113=\"\">Anwohner h\u00f6ren im Juni Sch\u00fcsse aus einem Hamburger Park und sehen zwei Personen fl\u00fcchten. Ermittler haben nun einen Tatverd\u00e4chtigen festgenommen.<\/p>\n<ul _ngcontent-sc85=\"\">\n<li _ngcontent-sc85=\"\">Zwei Monate nach den Sch\u00fcssen in Heimfeld hat die Polizei einen Tatverd\u00e4chtigen festgenommen.<\/li>\n<li _ngcontent-sc85=\"\">Im Juni war ein Mann im Schwarzenbergpark durch Sch\u00fcsse am Bein verletzt worden.<\/li>\n<li _ngcontent-sc85=\"\">Der 21-j\u00e4hrige Tatverd\u00e4chtige sitzt nun in Untersuchungshaft.<\/li>\n<\/ul>\n<p _ngcontent-sc85=\"\" align=\"false\">Mehr als zwei Monate nach Sch\u00fcssen auf einen Mann im Schwarzenbergpark in Hamburg-Heimfeld hat die Polizei den m\u00f6glichen Sch\u00fctzen festgenommen. Der 21-J\u00e4hrige sitzt in Untersuchungshaft, wie Polizei und Staatsanwaltschaft mitteilten. Der Mann steht demnach im Verdacht, am 15. Juni Sch\u00fcsse auf einen 45-J\u00e4hrigen abgegeben zu haben. Das Opfer wurde dabei am Bein verletzt. <\/p>\n<p>Wohnungsdurchsuchung in Heimfeld<\/p>\n<p _ngcontent-sc85=\"\" align=\"false\">Einsatzkr\u00e4fte durchsuchten am Dienstagnachmittag (02.09.) die Wohnung des 21-J\u00e4hrigen in Heimfeld. Dabei stellten sie mehrere Mobiltelefone sowie rund 8400 Euro Bargeld sicher. Anwohner hatten Mitte Juni Schussger\u00e4usche in dem Park geh\u00f6rt und mindestens zwei fl\u00fcchtende Personen beobachtet. Seitdem gab es laut Polizei mehrere Durchsuchungen und Festnahmen.<\/p>\n<p>Weitere News On Air<\/p>\n<p _ngcontent-sc85=\"\" align=\"false\">Weitere Nachrichten aus Hamburg, Deutschland und der Welt h\u00f6rt ihr immer zur vollen Stunde bei uns im Programm. Holt euch einfach unsere <a _ngcontent-sc132=\"\" href=\"https:\/\/www.radiohamburg.de\/programm\/frequenzen\/Streamen-%C3%BCber-die-App-id388032.html\" rel=\"nofollow noopener\" target=\"_blank\">kostenlose App<\/a>, h\u00f6rt uns \u00fcber euren <a _ngcontent-sc132=\"\" href=\"https:\/\/www.radiohamburg.de\/programm\/frequenzen\/Alexa-spiele-Radio-Hamburg-id387722.html\" rel=\"nofollow noopener\" target=\"_blank\">Smartspeaker<\/a> oder schaltet mit einem Klick unten auf den Playbutton das Webradio ein. Zum Nachh\u00f6ren gibt\u2019s das Ganze nat\u00fcrlich auch noch mal als <a _ngcontent-sc132=\"\" href=\"https:\/\/www.radiohamburg.de\/hoeren\/podcasts\/Radio-Hamburg-Nachrichten-id388455.html\" rel=\"nofollow noopener\" target=\"_blank\">Podcastangebot<\/a>.<\/p>\n<p><img decoding=\"async\" _ngcontent-sc129=\"\" class=\"\" src=\"https:\/\/www.europesays.com\/de\/wp-content\/uploads\/2025\/04\/app.jpg\" alt=\"App, App Store, iOS, Play Store, Google\" title=\"App, App Store, iOS, Play Store, Google\"\/><\/p>\n<p>Foto: Bloomicon \/ Shutterstock.com<\/p>\n<p> F\u00fcr iOS &amp; Android <\/p>\n<p>Holt euch die kostenlose Radio Hamburg App<\/p>\n<p _ngcontent-sc85=\"\" align=\"false\">H\u00f6rt uns an jedem Ort auf der Welt in bester Qualit\u00e4t &amp; st\u00f6rungsfrei \u00fcber unsere kostenlose App. Holt sie euch jetzt f\u00fcr Android oder iOS.<\/p>\n","protected":false},"excerpt":{"rendered":"03. September 2026 \u2013 Isabell W\u00fcppenhorst Anwohner h\u00f6ren im Juni Sch\u00fcsse aus einem Hamburger Park und sehen zwei&hellip;\n","protected":false},"author":2,"featured_media":23596,"comment_status":"","ping_status":"","sticky":false,"template":"","format":"standard","meta":{"footnotes":"","_share_on_mastodon":"0"},"categories":[1826],"tags":[331,127841,29,64267,980,30,3268,692,10654,4979,5263,19479,127842,9461,4908,263652,263654,263653,19169,131847,4853,1995,8788],"class_list":["post-1277894","post","type-post","status-publish","format-standard","has-post-thumbnail","category-hamburg","tag-aktuelle-nachrichten","tag-blaulicht-hamburg","tag-deutschland","tag-ermittlungserfolg","tag-festnahme","tag-germany","tag-gewalttat","tag-hamburg","tag-hamburg-news","tag-hamburg-harburg","tag-heimfeld","tag-kriminalfall","tag-kriminalitaet-hamburg","tag-polizei-hamburg","tag-polizeieinsatz","tag-schuesse-in-heimfeld","tag-schusswaffeneinsatz","tag-schwarzenbergpark","tag-tatverdaechtiger","tag-tatverdaechtiger-festgenommen","tag-untersuchungshaft","tag-verbrechen","tag-verhaftung"],"share_on_mastodon":{"url":"","error":""},"_links":{"self":[{"href":"https:\/\/www.europesays.com\/de\/wp-json\/wp\/v2\/posts\/1277894","targetHints":{"allow":["GET"]}}],"collection":[{"href":"https:\/\/www.europesays.com\/de\/wp-json\/wp\/v2\/posts"}],"about":[{"href":"https:\/\/www.europesays.com\/de\/wp-json\/wp\/v2\/types\/post"}],"author":[{"embeddable":true,"href":"https:\/\/www.europesays.com\/de\/wp-json\/wp\/v2\/users\/2"}],"replies":[{"embeddable":true,"href":"https:\/\/www.europesays.com\/de\/wp-json\/wp\/v2\/comments?post=1277894"}],"version-history":[{"count":0,"href":"https:\/\/www.europesays.com\/de\/wp-json\/wp\/v2\/posts\/1277894\/revisions"}],"wp:featuredmedia":[{"embeddable":true,"href":"https:\/\/www.europesays.com\/de\/wp-json\/wp\/v2\/media\/23596"}],"wp:attachment":[{"href":"https:\/\/www.europesays.com\/de\/wp-json\/wp\/v2\/media?parent=1277894"}],"wp:term":[{"taxonomy":"category","embeddable":true,"href":"https:\/\/www.europesays.com\/de\/wp-json\/wp\/v2\/categories?post=1277894"},{"taxonomy":"post_tag","embeddable":true,"href":"https:\/\/www.europesays.com\/de\/wp-json\/wp\/v2\/tags?post=1277894"}],"curies":[{"name":"wp","href":"https:\/\/api.w.org\/{rel}","templated":true}]}}