{"id":1277923,"date":"2026-09-03T10:57:23","date_gmt":"2026-09-03T10:57:23","guid":{"rendered":"https:\/\/www.europesays.com\/de\/1277923\/"},"modified":"2026-09-03T10:57:23","modified_gmt":"2026-09-03T10:57:23","slug":"der-mann-bei-dem-das-eis-baby-lag-seine-akte-ist-voller-gewalt-news","status":"publish","type":"post","link":"https:\/\/www.europesays.com\/de\/1277923\/","title":{"rendered":"Der Mann, bei dem das Eis-Baby lag: Seine Akte ist voller Gewalt | News"},"content":{"rendered":"<p><a class=\"skip-content skip-content--link\" href=\"#in-content-skip-link-target-v-0-0\">TTS-Player \u00fcberspringen\u21b5<\/a><a id=\"in-content-skip-link-target-v-0-0\" class=\"skip-content--target-link-hidden skip-content skip-content--target-link\" href=\"#in-content-skip-link-target-v-0-0\">Artikel weiterlesen<\/a><\/p>\n<p>Athen (Griechenland) \u2013 <b>Ein Grieche (43) und eine Deutsche (38) sitzen im griechischen Gef\u00e4ngnis. In ihrer Wohnung machten Polizisten einen verst\u00f6renden Fund: die eingefrorene Leiche eines Babys. Das Kind soll schon l\u00e4nger tot sein. 18 Stiche fanden Gerichtsmediziner am K\u00f6rper des Jungen. Wie jetzt bekannt wird, hat der 43\u2011J\u00e4hrige eine dunkle Vergangenheit. Schon vor Jahren wurde gegen ihn ermittelt.<\/b><\/p>\n<p>Bereits im April 2020 nahm die <a href=\"https:\/\/www.bild.de\/regional\/aktuelles\/polizei\/polizeieinsatz-alle-infos-76681760.bild.html\" class=\"text-link\" rel=\"nofollow noopener\" target=\"_blank\">Polizei<\/a> den Mann fest. Der Vorwurf damals: Zuh\u00e4lterei. Das berichtet die griechische Zeitung \u201e<a href=\"https:\/\/www.protothema.gr\/greece\/article\/1872271\/o-43hronos-stin-kupseli-itan-fulaki-to-2020-gia-mastropeia-kratouse-germanida-fulakismeni-se-diamerisma\/\" target=\"_blank\" rel=\"nofollow noopener\" class=\"text-link\">Protothema<\/a>\u201c. Das Opfer soll damals eine deutsche Frau gewesen sein, die er in sozialen Netzwerken kennenlernte.<\/p>\n<p>Prostitution statt Liebe<\/p>\n<p>Die Frau berichtete den Beh\u00f6rden, wie aus der Online-Bekanntschaft ein Albtraum wurde. Sie verliebte sich und beschloss, f\u00fcr ihren Traummann nach Griechenland zu kommen. Doch dort begann das Grauen: Der 43-J\u00e4hrige soll sie gegen ihren Willen in einer Wohnung gefangen gehalten haben, um sie in die Prostitution zu zwingen. Er soll ihr den Reisepass und das Handy abgenommen haben. Die Ermittler nahmen den Mann daraufhin fest. Er kam in Untersuchungshaft.<\/p>\n<p><img decoding=\"async\" width=\"992\" height=\"558\" alt=\"In dieser Wohnung im zweiten Stock eines Mehrfamilienhauses in Athen wohnte das Paar\" loading=\"lazy\" src=\"https:\/\/www.europesays.com\/de\/wp-content\/uploads\/2026\/09\/9e863abd7a5552c06ef750592833de42,6efbcdf2.jpeg\"   class=\"landscape\"\/><\/p>\n<p class=\"fig__caption__text\">In dieser Wohnung im zweiten Stock eines Mehrfamilienhauses in Athen wohnte das Paar<\/p>\n<p>Foto: Katja Sonnewend<\/p>\n<p>Den Ermittlern erz\u00e4hlte die Frau, er habe freiz\u00fcgige Fotos von ihr im Internet ver\u00f6ffentlicht, um \u201eKunden\u201c zu gewinnen. Doch im Oktober 2020 kam er pl\u00f6tzlich wieder frei \u2013 m\u00f6glicherweise aus Mangel an Beweisen, wie \u201eProtothema\u201c schreibt. <\/p>\n<p>Jetzt steht er erneut im Fokus der Ermittler. Diesmal wegen eines noch grausameren Verbrechens. Der Junge, der vermutlich nur 8 oder 9 Monate alt wurde, <a href=\"https:\/\/www.bild.de\/news\/ausland\/deutsche-38-verhaftet-polizei-findet-babyleiche-in-airbnb-wohnung-6a9674df7a8c285934e6e351\" class=\"text-link\" rel=\"nofollow noopener\" target=\"_blank\">wurde bei einer Durchsuchung der Wohnung gefunden<\/a>, in der das Paar zuletzt lebte. Laut lokalen Medienberichten hatte sich der Hausverwalter bei der Polizei beschwert, weil regelm\u00e4\u00dfig G\u00e4ste kamen und gingen. Er vermutete dahinter offenbar Illegales. <\/p>\n<p>S\u00e4ugling soll Kind der Deutschen sein<\/p>\n<p>Neben dem Paar wurden in der Wohnung zwei Jungen (9, 12), eine schwangere Jugendliche (15) sowie ein polizeibekannter Afghane (26) angetroffen. Bei der 15\u2011J\u00e4hrigen soll es sich um die Tochter der Deutschen handeln. Sie und ein anderes Kind sollen sexuell \u00fcbertragbare Krankheiten haben. Sie wurden in ein \u00f6rtliches Krankenhaus gebracht. Der Anwalt der Deutschen sagte der Zeitung \u201eTovima\u201c, dass das tote Baby ein Kind der Deutschen sein soll. Der Afghane soll der Partner des jugendlichen M\u00e4dchens sein.<\/p>\n<p><img decoding=\"async\" width=\"992\" height=\"558\" alt=\"Anwohner des Mehrfamilienhauses beschwerten sich \u00fcber mutma\u00dflichen Drogenkonsum der neuen Nachbarn\" loading=\"lazy\" src=\"https:\/\/www.europesays.com\/de\/wp-content\/uploads\/2026\/09\/aa0447307bd4c87518807c68f1dea555,cb7b4640.jpeg\"   class=\"landscape\"\/><\/p>\n<p class=\"fig__caption__text\">Anwohner des Mehrfamilienhauses beschwerten sich \u00fcber mutma\u00dflichen Drogenkonsum der neuen Nachbarn<\/p>\n<p>Foto: Katja Sonnewend<\/p>\n<p>Bei der Durchsuchung der Wohnung wurden Kameras, Sexspielzeuge und Drogen gefunden. Bei der Vernehmung soll der Grieche versucht haben, den Tod des Babys zu erkl\u00e4ren. Laut \u201eProtothema\u201c behauptete er, es habe \u201edie ganze Zeit\u201c geschrien. Er stellte die Theorie auf, man habe sein Kind im Krankenhaus ausgetauscht. Es sei \u201evom Teufel besessen\u201c gewesen.<\/p>\n","protected":false},"excerpt":{"rendered":"TTS-Player \u00fcberspringen\u21b5Artikel weiterlesen Athen (Griechenland) \u2013 Ein Grieche (43) und eine Deutsche (38) sitzen im griechischen Gef\u00e4ngnis. In&hellip;\n","protected":false},"author":2,"featured_media":1277924,"comment_status":"","ping_status":"","sticky":false,"template":"","format":"standard","meta":{"footnotes":"","_share_on_mastodon":"0"},"categories":[3],"tags":[980,13,584,1981,2183,14,15,121,47141,12,138370,10,8,9,11,103,104,54509],"class_list":["post-1277923","post","type-post","status-publish","format-standard","has-post-thumbnail","category-welt","tag-festnahme","tag-headlines","tag-leiche","tag-messer","tag-mord","tag-nachrichten","tag-news","tag-polizei","tag-prostituierte","tag-schlagzeilen","tag-team-first","tag-top-news","tag-top-meldungen","tag-topmeldungen","tag-topnews","tag-welt","tag-world","tag-zuhaelterei"],"share_on_mastodon":{"url":"https:\/\/pubeurope.com\/@de\/117206757331603564","error":""},"_links":{"self":[{"href":"https:\/\/www.europesays.com\/de\/wp-json\/wp\/v2\/posts\/1277923","targetHints":{"allow":["GET"]}}],"collection":[{"href":"https:\/\/www.europesays.com\/de\/wp-json\/wp\/v2\/posts"}],"about":[{"href":"https:\/\/www.europesays.com\/de\/wp-json\/wp\/v2\/types\/post"}],"author":[{"embeddable":true,"href":"https:\/\/www.europesays.com\/de\/wp-json\/wp\/v2\/users\/2"}],"replies":[{"embeddable":true,"href":"https:\/\/www.europesays.com\/de\/wp-json\/wp\/v2\/comments?post=1277923"}],"version-history":[{"count":0,"href":"https:\/\/www.europesays.com\/de\/wp-json\/wp\/v2\/posts\/1277923\/revisions"}],"wp:featuredmedia":[{"embeddable":true,"href":"https:\/\/www.europesays.com\/de\/wp-json\/wp\/v2\/media\/1277924"}],"wp:attachment":[{"href":"https:\/\/www.europesays.com\/de\/wp-json\/wp\/v2\/media?parent=1277923"}],"wp:term":[{"taxonomy":"category","embeddable":true,"href":"https:\/\/www.europesays.com\/de\/wp-json\/wp\/v2\/categories?post=1277923"},{"taxonomy":"post_tag","embeddable":true,"href":"https:\/\/www.europesays.com\/de\/wp-json\/wp\/v2\/tags?post=1277923"}],"curies":[{"name":"wp","href":"https:\/\/api.w.org\/{rel}","templated":true}]}}