{"id":1277933,"date":"2026-09-03T11:03:27","date_gmt":"2026-09-03T11:03:27","guid":{"rendered":"https:\/\/www.europesays.com\/de\/1277933\/"},"modified":"2026-09-03T11:03:27","modified_gmt":"2026-09-03T11:03:27","slug":"urteil-im-armbrust-prozess-gefallen-haft-und-schmerzensgeld","status":"publish","type":"post","link":"https:\/\/www.europesays.com\/de\/1277933\/","title":{"rendered":"Urteil im Armbrust-Prozess gefallen: Haft und Schmerzensgeld"},"content":{"rendered":"<p>\n                Stand: 02.09.2026 20:15 Uhr<\/p>\n<p class=\"preface\">Im vergangenen M\u00e4rz hatte ein Mann in Bordesholm mit einer Armbrust auf seinen Vermieter geschossen. Am Mittwoch hat ihn das Landgericht Kiel zu sieben Jahren Haft verurteilt. Der Verurteilte hatte die Tat bereits gestanden.<\/p>\n<p class=\"\">Wegen versuchten Mordes und gef\u00e4hrlicher K\u00f6rperverletzung ist am Mittwoch ein 37-j\u00e4hriger Mann vor dem Landgericht <a href=\"https:\/\/www.ndr.de\/nachrichten\/schleswig-holstein\/Kiel-Aktuelle-Nachrichten-News-und-Videos,kiel7262.html\" title=\"Kiel - Aktuelle Nachrichten und Videos\" rel=\"nofollow noopener\" target=\"_blank\">Kiel<\/a> zu sieben Jahren Haft verurteilt worden. Er muss au\u00dferdem 50.000 Euro Schmerzensgeld an das Opfer zahlen.<\/p>\n<p class=\"\">Im vergangenen M\u00e4rz hatte der Verurteilte in Bordesholm (<a href=\"https:\/\/www.ndr.de\/nachrichten\/schleswig-holstein\/Kreis-Rendsburg-Eckernfoerde-Aktuelle-Nachrichten-und-Videos,rendsburgeckernfoerde118.html\" title=\"Kreis Rendsburg-Eckernf\u00f6rde - Aktuelle Nachrichten und Videos\" rel=\"nofollow noopener\" target=\"_blank\">Kreis Rendsburg-Eckernf\u00f6rde<\/a>) mit einer Armbrust auf seinen damaligen Vermieter geschossen und ihn lebensgef\u00e4hrlich verletzt. Der 37-J\u00e4hrige hatte die Tat bereits bei seiner Festnahme gestanden.<\/p>\n<p>    Psychische Erkrankung nicht ausgeschlossen<\/p>\n<p class=\"\">Laut der Richter litt der Verurteilte unter Halluzinationen &#8211; auch eine psychische Erkrankung konnte demnach nicht ausgeschlossen werden. Das sahen die Richter als strafmildernd an.<\/p>\n<p class=\"\">Bei dem Prozess war es entsprechend auch um die Frage gegangen, ob der Angeklagte an einer autistischen St\u00f6rung leidet. <a href=\"https:\/\/www.ndr.de\/nachrichten\/schleswig-holstein\/kiel_neumuenster_ploen_rendsburg-eckernfoerde\/kiel-prozess-um-armbrust-angriff-angeklagter-ist-schuldfaehig,regionkielnews-2766.html\" title=\"Kiel: Prozess um Armbrust-Angriff - Angeklagter wohl schuldf\u00e4hig\" rel=\"nofollow noopener\" target=\"_blank\">Eine Gutachterin best\u00e4tigte eine fr\u00fchere Diagnose dazu jedoch nicht<\/a>. Deswegen hat der Verteidiger des Angeklagten angek\u00fcndigt, in Revision zu gehen.<\/p>\n<p>    Mit Armbrust im Anschlag an der Haust\u00fcr<\/p>\n<p class=\"\">Vor der Tat soll dem Angeklagten die Wohnung gek\u00fcndigt worden sein. Dar\u00fcber regte sich der 37-J\u00e4hrige laut Staatsanwaltschaft so sehr auf, dass er seinen Vermieter t\u00f6ten wollte. Der Angeklagte erkl\u00e4rte vor Gericht, er habe &#8222;eine Krise&#8220; gehabt &#8211; aufgrund von finanziellen Problemen und Streitereien mit seinem Vermieter, etwa wegen l\u00e4rmender Nachbarn oder nicht angebrachter Feuermelder.<\/p>\n<p class=\"\">Nachdem der Vermieter ihm die Wohnung fristlos gek\u00fcndigt hatte, fuhr der Angeklagte laut Staatsanwaltschaft an einem Abend im M\u00e4rz zum Wohnhaus des 73-j\u00e4hrigen Mannes &#8211; in der &#8222;heimt\u00fcckischen&#8220; Absicht, den Vermieter mit einer Armbrust zu t\u00f6ten. Er habe geklingelt und auf der gegen\u00fcberliegenden Stra\u00dfenseite gewartet, bis sich die T\u00fcr \u00f6ffnete. Von dort aus soll der Mieter nach Angaben der Staatsanwaltschaft auf den Senior geschossen und ihn in die rechte Brust getroffen haben.<\/p>\n<p>    Opfer lag mehrere Wochen auf der Intensivstation<\/p>\n<p class=\"\">Danach fl\u00fcchtete der Sch\u00fctze, konnte aber sp\u00e4ter von Polizisten festgenommen werden. Auch die Armbrust wurde bei ihm gefunden. Kurz darauf wurde <a href=\"https:\/\/www.ndr.de\/nachrichten\/schleswig-holstein\/kiel_neumuenster_ploen_rendsburg-eckernfoerde\/streit-eskaliert-mann-schiesst-mit-armbrust-auf-73-jaehrigen,regionkielnews-1640.html\" title=\"Haftbefehl erlassen: Mann schie\u00dft mit Armbrust auf 73-J\u00e4hrigen\" rel=\"nofollow noopener\" target=\"_blank\">Haftbefehl<\/a> erlassen. Der Bolzen der Armbrust hatte den rechten Lungenfl\u00fcgel des Vermieters durchbohrt. Er musste notoperiert werden und lag rund vier Wochen auf der Intensivstation &#8211; ein Teil der Lunge musste entfernt werden, hei\u00dft es von der Staatsanwaltschaft.<\/p>\n<p>        <img decoding=\"async\" src=\"https:\/\/www.europesays.com\/de\/wp-content\/uploads\/2026\/04\/1777395504_149_justitia150.webp\" alt=\"Eine bronzene Figur einer Justitia.\" title=\"Vor 15 Jahren soll sich der Mann das erste Mal an dem M\u00e4dchen vergangen haben. | Colourbox, r.classen\" class=\"responsive\" loading=\"lazy\"\/><\/p>\n<p>Im M\u00e4rz soll der Mann mit einer Armbrust auf seinen Vermieter geschossen haben. Vor Gericht wurde ein Gutachten zu seiner Schuldf\u00e4higkeit vorgestellt.<\/p>\n<p>        <img decoding=\"async\" src=\"https:\/\/www.europesays.com\/de\/wp-content\/uploads\/2026\/09\/screenshot-216366.webp\" alt=\"Ein Beamter der Justiz steht in einem Gerichtssaal bei einem Prozessauftakt.\" title=\"Ein Beamter der Justiz steht in einem Gerichtssaal bei einem Prozessauftakt. | NDR\" class=\"responsive\" loading=\"lazy\"\/><\/p>\n<p>Der Angeklagte soll im M\u00e4rz diesen Jahres mit einer Armbrust auf seinen Vermieter geschossen und ihn schwer verletzt haben.<\/p>\n<p>        <img decoding=\"async\" src=\"https:\/\/www.europesays.com\/de\/wp-content\/uploads\/2026\/05\/polizei-644.webp\" alt=\"Ein Polizeieinsatz bei Nacht in Bordesholm.\" title=\"Ein Polizeieinsatz bei Nacht in Bordesholm. | Daniel Friederichs\" class=\"responsive\" loading=\"lazy\"\/><\/p>\n<p>In Bordesholm wurde ein Mann mit einer Armbrust schwer verletzt. Gegen den 37-j\u00e4hrigen T\u00e4ter wurde ein Haftbefehl erlassen.<\/p>\n","protected":false},"excerpt":{"rendered":"Stand: 02.09.2026 20:15 Uhr Im vergangenen M\u00e4rz hatte ein Mann in Bordesholm mit einer Armbrust auf seinen Vermieter&hellip;\n","protected":false},"author":2,"featured_media":1277934,"comment_status":"","ping_status":"","sticky":false,"template":"","format":"standard","meta":{"footnotes":"","_share_on_mastodon":"0"},"categories":[1852],"tags":[17542,249175,3364,29,548,663,3934,30,13,4949,12158,2295,14,15,1269,12,1971,32232],"class_list":["post-1277933","post","type-post","status-publish","format-standard","has-post-thumbnail","category-kiel","tag-armbrust","tag-bordesholm","tag-de","tag-deutschland","tag-eu","tag-europa","tag-europe","tag-germany","tag-headlines","tag-kiel","tag-kreis-rendsburg-eckernfoerde","tag-mieter","tag-nachrichten","tag-news","tag-prozess","tag-schlagzeilen","tag-schleswig-holstein","tag-verletzter"],"share_on_mastodon":{"url":"https:\/\/pubeurope.com\/@de\/117206781762672760","error":""},"_links":{"self":[{"href":"https:\/\/www.europesays.com\/de\/wp-json\/wp\/v2\/posts\/1277933","targetHints":{"allow":["GET"]}}],"collection":[{"href":"https:\/\/www.europesays.com\/de\/wp-json\/wp\/v2\/posts"}],"about":[{"href":"https:\/\/www.europesays.com\/de\/wp-json\/wp\/v2\/types\/post"}],"author":[{"embeddable":true,"href":"https:\/\/www.europesays.com\/de\/wp-json\/wp\/v2\/users\/2"}],"replies":[{"embeddable":true,"href":"https:\/\/www.europesays.com\/de\/wp-json\/wp\/v2\/comments?post=1277933"}],"version-history":[{"count":0,"href":"https:\/\/www.europesays.com\/de\/wp-json\/wp\/v2\/posts\/1277933\/revisions"}],"wp:featuredmedia":[{"embeddable":true,"href":"https:\/\/www.europesays.com\/de\/wp-json\/wp\/v2\/media\/1277934"}],"wp:attachment":[{"href":"https:\/\/www.europesays.com\/de\/wp-json\/wp\/v2\/media?parent=1277933"}],"wp:term":[{"taxonomy":"category","embeddable":true,"href":"https:\/\/www.europesays.com\/de\/wp-json\/wp\/v2\/categories?post=1277933"},{"taxonomy":"post_tag","embeddable":true,"href":"https:\/\/www.europesays.com\/de\/wp-json\/wp\/v2\/tags?post=1277933"}],"curies":[{"name":"wp","href":"https:\/\/api.w.org\/{rel}","templated":true}]}}