{"id":1277937,"date":"2026-09-03T11:05:23","date_gmt":"2026-09-03T11:05:23","guid":{"rendered":"https:\/\/www.europesays.com\/de\/1277937\/"},"modified":"2026-09-03T11:05:23","modified_gmt":"2026-09-03T11:05:23","slug":"so-viele-gaeste-wie-nie-braunschweig-boomt-waehrend-niedersachsen-verliert","status":"publish","type":"post","link":"https:\/\/www.europesays.com\/de\/1277937\/","title":{"rendered":"So viele G\u00e4ste wie nie: Braunschweig boomt\u00a0\u2013 w\u00e4hrend Niedersachsen verliert"},"content":{"rendered":"<p class=\"rich-text expressive-copy-lg-body my-6\">Braunschweigs Tourismus hat im ersten Halbjahr 2026 zugelegt. Von Januar bis Juni z\u00e4hlte das Landesamt f\u00fcr Statistik Niedersachsen (LSN) in der Stadt 199.730 G\u00e4steank\u00fcnfte \u2013 5,63 Prozent mehr als im Vorjahreszeitraum. Das teilen die Stadt Braunschweig und die Braunschweig Stadtmarketing GmbH mit. <\/p>\n<p>Ihr Newsletter f\u00fcr Braunschweig &amp; Region<\/p>\n<p>Kostenlosen Newsletter bestellen und t\u00e4glich das Neueste aus der Region im Postfach lesen.<\/p>\n<p><img decoding=\"async\" src=\"https:\/\/www.europesays.com\/de\/wp-content\/uploads\/2026\/09\/1788433519_230_newsletter-envelope.png\" alt=\"Newsletter Illustration\" class=\"h-full w-full max-w-full object-cover md:max-w-[226px] lg:max-w-[234px]\" loading=\"lazy\"\/>Ihr Newsletter f\u00fcr Braunschweig &amp; Region<\/p>\n<p>Kostenlosen Newsletter bestellen und t\u00e4glich das Neueste aus der Region im Postfach lesen.<\/p>\n<p>Mit meiner Anmeldung zum Newsletter stimme ich der <a href=\"https:\/\/www.braunschweiger-zeitung.de\/service\/newsletter-adconsent\" class=\"text-copy-accent underline decoration-solid underline-offset-1 hover:text-primary-700\" rel=\"nofollow noopener\" target=\"_blank\">Werbevereinbarung<\/a> zu.<\/p>\n<p class=\"rich-text expressive-copy-lg-body my-6\">Auch die \u00dcbernachtungen stiegen: Das LSN erfasste 363.884 \u00dcbernachtungen, ein Plus von 4,95 Prozent. Damit l\u00e4gen die \u00dcbernachtungen mit 7,61 Prozent zum ersten Mal deutlich \u00fcber den Werten von 2019, zieht das Stadtmarketing eine positive Bilanz.<\/p>\n<p>Tourismus in Braunschweig: Juni ist st\u00e4rkster Monat<\/p>\n<p class=\"rich-text expressive-copy-lg-body my-6\">Mit 40.722 Ank\u00fcnften und 74.535 \u00dcbernachtungen war der Juni der st\u00e4rkste Monat des ersten Halbjahrs. Die Ank\u00fcnfte stiegen um 13,17 Prozent, die \u00dcbernachtungen um 10,88 Prozent im Vergleich zu 2025. <\/p>\n<p class=\"rich-text expressive-copy-lg-body my-6\">\u201eIm Juni haben wir in Braunschweig das Ehrenamt, unser Land und unsere City of Lions beim <a href=\"https:\/\/www.braunschweiger-zeitung.de\/niedersachsen\/braunschweig\/article412275278\/tag-der-niedersachsen-in-braunschweig-ein-loewenstarkes-fest-der-superlative.html\" data-category-full-path=\"https:\/\/www.braunschweiger-zeitung.de\/niedersachsen\/braunschweig\/\" data-paid-status=\"default\" data-article-publish-date=\"1781452260\" rel=\"nofollow noopener\" target=\"_blank\">Tag der Niedersachsen<\/a> gefeiert\u201c, wird Braunschweigs Oberb\u00fcrgermeister Thorsten Kornblum in der Mitteilung zitiert. Mit dem Zuwachs von Ank\u00fcnften und \u00dcbernachtungen sei nun klar, dass das Fest nicht nur Braunschweiger und Tagesg\u00e4ste angezogen habe, sondern auch viele \u00fcberregionale Besucher. Zum Fest kamen nach Angaben der Stadt 550.000 G\u00e4ste.<\/p>\n<p><img decoding=\"async\" src=\"https:\/\/www.europesays.com\/de\/wp-content\/uploads\/2026\/09\/413046083_1788431955_v16_9_1200.jpeg\" class=\"relative z-10 block w-full object-cover aspect-[16\/9] md:aspect-[16\/9] lg:aspect-[16\/9]\" alt=\"Tourismus Braunschweig 1. Halbjahr 2026\" title=\"Entwicklung der G\u00e4steank\u00fcnfte und -\u00fcbernachtungen in Braunschweig von Januar bis Juni von 2019 bis 2026.\" loading=\"lazy\"\/><\/p>\n<p>Entwicklung der G\u00e4steank\u00fcnfte und -\u00fcbernachtungen in Braunschweig von Januar bis Juni von 2019 bis 2026.\u00a9 FMN | Braunschweig Stadtmarekting GmbH<\/p>\n<p class=\"rich-text expressive-copy-lg-body my-6\">Im \u00fcbrigen Niedersachsen entwickelten sich die Zahlen anders: Die Ank\u00fcnfte stagnierten im Juni im Vorjahresvergleich, die \u00dcbernachtungen sanken um 1,35 Prozent. Nur die Region Hannover-Hildesheim und das Braunschweiger Land, also die Region rund um das Fest, meldeten im Juni mehr \u00dcbernachtungen.<\/p>\n<p class=\"rich-text expressive-copy-lg-body my-6\">Auch Nina Fritzler, Gesch\u00e4ftsf\u00fchrerin der Braunschweig Stadtmarketing GmbH, verweist auf den Effekt von Gro\u00dfveranstaltungen: \u201eDie herausragenden Zahlen im Juni zeigen, wie wichtig Veranstaltungen f\u00fcr Braunschweigs Tourismus sind.\u201c <\/p>\n<p class=\"rich-text expressive-copy-lg-body my-6\">Die Steigerungen k\u00f6nnten laut Fritzler unter anderem auf die zus\u00e4tzlichen Kapazit\u00e4ten des <a href=\"https:\/\/www.braunschweiger-zeitung.de\/niedersachsen\/braunschweig\/article409837670\/nach-ueber-einem-jahr-intercity-hotel-in-braunschweig-oeffnet-wieder.html\" data-category-full-path=\"https:\/\/www.braunschweiger-zeitung.de\/niedersachsen\/braunschweig\/\" data-paid-status=\"free\" data-article-publish-date=\"1756199449\" rel=\"nofollow noopener\" target=\"_blank\">Intercity-Hotels<\/a> zur\u00fcckzuf\u00fchren sein. Das Haus biete rund 340 Betten an und habe im September 2025 wieder er\u00f6ffnet, sagt sie. Im ersten Halbjahr 2025 h\u00e4tten diese Betten deshalb noch gefehlt.<\/p>\n<p>Weniger G\u00e4ste aus dem Ausland \u2013 Messen fehlen<\/p>\n<p class=\"rich-text expressive-copy-lg-body my-6\">Zur\u00fcck gingen im ersten Halbjahr die G\u00e4steank\u00fcnfte aus dem Ausland: Sie lagen in Braunschweig 11,89 Prozent unter den Vorjahreswerten. Die \u00dcbernachtungen ausl\u00e4ndischer G\u00e4ste stiegen dagegen um 0,59 Prozent.<\/p>\n<p><img decoding=\"async\" src=\"https:\/\/www.europesays.com\/de\/wp-content\/uploads\/2026\/09\/409837978_1788431526_v16_9_1200.jpeg\" class=\"relative z-10 block w-full object-cover aspect-[16\/9] md:aspect-[16\/9] lg:aspect-[16\/9]\" alt=\"Intercity-Hotel\" title=\"Seit September 2025 ist das Intercity-Hotel wieder am Start. F\u00fcr das Stadtmarketing ein Grund f\u00fcr die gestiegenen \u00dcbernachtungszahlen. \" loading=\"lazy\"\/><\/p>\n<p>Seit September 2025 ist das Intercity-Hotel wieder am Start. F\u00fcr das Stadtmarketing ein Grund f\u00fcr die gestiegenen \u00dcbernachtungszahlen. \u00a9 FMN | Revo Hospitality Group<\/p>\n<p class=\"rich-text expressive-copy-lg-body my-6\">Fritzler erkl\u00e4rt: \u201eViele ausl\u00e4ndische G\u00e4ste reisen aus gesch\u00e4ftlichen Gr\u00fcnden nach Braunschweig, unter anderem um internationale Messen in der Region zu besuchen. Dass nicht alle Messen j\u00e4hrlich stattfinden, tr\u00e4gt dazu bei, dass die Ank\u00fcnfte aus dem Ausland im Jahresvergleich immer etwas schwanken.\u201c <\/p>\n<p class=\"rich-text expressive-copy-lg-body my-6\">Die internationale Messe Ligna in Hannover findet nur alle zwei Jahre statt, zuletzt 2025. \u201eMit der EMO Hannover und der IAA, die in der zweiten Jahresh\u00e4lfte in Hannover stattfinden werden, erwarten wir wieder eine Steigerung der G\u00e4ste aus dem Ausland.\u201c<\/p>\n<p>So erreichen Sie uns \u00fcber Whatsapp<\/p>\n<p class=\"rich-text functional-copy-base-stable\">Sie haben ein spannendes Thema f\u00fcr uns? Oder gibt es in Ihrer Stadt oder Ihrem Kreis einen Missstand, auf den Sie aufmerksam machen wollen? Dann schreiben Sie uns doch ganz einfach eine Nachricht \u00fcber WhatsApp! <a href=\"https:\/\/wa.me\/495313900350\" rel=\"nofollow noopener\" target=\"_blank\">Hier geht es direkt zum Chat mit uns. <\/a><\/p>\n<p class=\"rich-text expressive-copy-lg-body my-6\">Matthias Harlfinger, stellvertretender Vorsitzender des Arbeitsausschusses Tourismus Braunschweig e. V., verweist auf weitere Veranstaltungen: \u201eIm ersten Halbjahr war in Braunschweig ganz sch\u00f6n was los. Ein Highlight war nat\u00fcrlich der Tag der Niedersachsen, bei dem wir gesehen haben, was passiert, wenn alle in der Stadt an einem Strang ziehen. Trotzdem d\u00fcrfen wir nat\u00fcrlich die anderen starken Veranstaltungen nicht au\u00dfer Acht lassen, die regelm\u00e4\u00dfig G\u00e4ste nach Braunschweig bringen, wie zum Beispiel das Festival Theaterformen, das ebenfalls im Juni stattgefunden hat.\u201c <\/p>\n<p class=\"rich-text expressive-copy-lg-body my-6\">Weitere Termine seien das <a href=\"https:\/\/www.braunschweiger-zeitung.de\/kultur\/article412937078\/teuflische-intrigen-auf-braunschweigs-burgplatz-wie-sich-miss-samiel-den-heldentenor-angelt.html\" data-category-full-path=\"https:\/\/www.braunschweiger-zeitung.de\/kultur\/\" data-paid-status=\"premium\" data-article-publish-date=\"1787448359\" rel=\"nofollow noopener\" target=\"_blank\">Burgplatz-Open-Air<\/a> und das <a href=\"https:\/\/www.braunschweiger-zeitung.de\/kultur\/article412267955\/das-braunschweiger-filmfest-wird-40-und-feiert-mit-la-la-land-in-den-geburtstag.html\" data-category-full-path=\"https:\/\/www.braunschweiger-zeitung.de\/kultur\/\" data-paid-status=\"free\" data-article-publish-date=\"1781325000\" rel=\"nofollow noopener\" target=\"_blank\">Filmfest<\/a> in diesem Jahr sowie der Internationale Hansetag im kommenden Jahr.<\/p>\n<p>Tourismuszahlen<\/p>\n<p class=\"rich-text expressive-copy-lg-body my-6\">Das Landesamt f\u00fcr Statistik Niedersachsen (LSN) erfasst monatlich die G\u00e4steank\u00fcnfte und -\u00fcbernachtungen in Niedersachsen. Grundlage der Werte sind Meldungen von Beherbergungsbetrieben mit mindestens zehn Betten und Campingpl\u00e4tze mit mindestens zehn Stellpl\u00e4tzen. <\/p>\n<p class=\"rich-text expressive-copy-lg-body my-6\">Da nicht alle Meldungen p\u00fcnktlich eingehen, beruhen die Monatszahlen teils auf Sch\u00e4tzungen. Vorl\u00e4ufige Werte k\u00f6nnen deshalb r\u00fcckwirkend leicht korrigiert werden. Sp\u00e4testens mit Ver\u00f6ffentlichung der jeweiligen Dezemberzahlen ist die Jahreserfassung abgeschlossen und es ergeben sich keine \u00c4nderungen mehr.<\/p>\n<p class=\"rich-text expressive-copy-lg-body my-6\"><strong>Mehr wichtige Nachrichten aus Braunschweig lesen:<\/strong><\/p>\n<p class=\"my-6 text-brand\">red\/bw<\/p>\n","protected":false},"excerpt":{"rendered":"Braunschweigs Tourismus hat im ersten Halbjahr 2026 zugelegt. Von Januar bis Juni z\u00e4hlte das Landesamt f\u00fcr Statistik Niedersachsen&hellip;\n","protected":false},"author":2,"featured_media":1277938,"comment_status":"","ping_status":"","sticky":false,"template":"","format":"standard","meta":{"footnotes":"","_share_on_mastodon":"0"},"categories":[1850],"tags":[6429,3364,29,548,663,3934,30,13,14,15,1411,12],"class_list":["post-1277937","post","type-post","status-publish","format-standard","has-post-thumbnail","category-braunschweig","tag-braunschweig","tag-de","tag-deutschland","tag-eu","tag-europa","tag-europe","tag-germany","tag-headlines","tag-nachrichten","tag-news","tag-niedersachsen","tag-schlagzeilen"],"share_on_mastodon":{"url":"https:\/\/pubeurope.com\/@de\/117206788334171109","error":""},"_links":{"self":[{"href":"https:\/\/www.europesays.com\/de\/wp-json\/wp\/v2\/posts\/1277937","targetHints":{"allow":["GET"]}}],"collection":[{"href":"https:\/\/www.europesays.com\/de\/wp-json\/wp\/v2\/posts"}],"about":[{"href":"https:\/\/www.europesays.com\/de\/wp-json\/wp\/v2\/types\/post"}],"author":[{"embeddable":true,"href":"https:\/\/www.europesays.com\/de\/wp-json\/wp\/v2\/users\/2"}],"replies":[{"embeddable":true,"href":"https:\/\/www.europesays.com\/de\/wp-json\/wp\/v2\/comments?post=1277937"}],"version-history":[{"count":0,"href":"https:\/\/www.europesays.com\/de\/wp-json\/wp\/v2\/posts\/1277937\/revisions"}],"wp:featuredmedia":[{"embeddable":true,"href":"https:\/\/www.europesays.com\/de\/wp-json\/wp\/v2\/media\/1277938"}],"wp:attachment":[{"href":"https:\/\/www.europesays.com\/de\/wp-json\/wp\/v2\/media?parent=1277937"}],"wp:term":[{"taxonomy":"category","embeddable":true,"href":"https:\/\/www.europesays.com\/de\/wp-json\/wp\/v2\/categories?post=1277937"},{"taxonomy":"post_tag","embeddable":true,"href":"https:\/\/www.europesays.com\/de\/wp-json\/wp\/v2\/tags?post=1277937"}],"curies":[{"name":"wp","href":"https:\/\/api.w.org\/{rel}","templated":true}]}}