{"id":1277946,"date":"2026-09-03T11:14:19","date_gmt":"2026-09-03T11:14:19","guid":{"rendered":"https:\/\/www.europesays.com\/de\/1277946\/"},"modified":"2026-09-03T11:14:19","modified_gmt":"2026-09-03T11:14:19","slug":"attacke-auf-politische-gruppierung-mannheim","status":"publish","type":"post","link":"https:\/\/www.europesays.com\/de\/1277946\/","title":{"rendered":"Attacke auf politische Gruppierung &#8211; Mannheim"},"content":{"rendered":"<p>Im Mannheimer Stadtteil Neckarstadt soll es einen Angriff auf Mitglieder der Gruppierung \u201eDeutschland gemeinsam gestalten\u201c gegeben haben. Laut Polizei und Staatsanwaltschaft soll die etwa 20-k\u00f6pfige Gruppe am Dienstagabend gegen 20 Uhr im Bereich der Soironstra\u00dfe an der Kreuzung zur Zellerstra\u00dfe unterwegs gewesen sein. Dabei sei sie von zwei Gruppen mit jeweils 15 bis 20 Personen angegriffen worden. Es habe mehrere Verletzte gegeben. <\/p>\n<p>Die Kriminalpolizei und die Staatsanwaltschaft <a class=\"rtr-entity\" data-rtr-entity=\"Mannheim\" data-rtr-id=\"8e39f98d121d00ffdaf4f78a2ae2e7dea2653ba7\" data-rtr-score=\"29.785458879618595\" data-rtr-etype=\"location\" data-rtr-index=\"9\" href=\"http:\/\/rheinpfalz.de\/lokal\/mannheim.html\" rel=\"nofollow noopener\" target=\"_blank\">Mannheim<\/a> ermitteln gegen Unbekannt wegen schweren Landfriedensbruchs, gef\u00e4hrlicher K\u00f6rperverletzung und Bedrohung. Sie bittet Zeugen, sich unter Telefon 0621 174-4444 zu melden. Von Interesse seien auch Sichtungen von verd\u00e4chtigen Personengruppen vor der eigentlichen Tat im Bereich Bonifatiuskirche und Eichbaum-Brauhaus, so die Polizei.\u00a0<img decoding=\"async\" src=\"https:\/\/www.rheinpfalz.de\/pu_rhp\/images\/rheinpfalz-r-logo.svg\" alt=\"\"\/><\/p>\n","protected":false},"excerpt":{"rendered":"Im Mannheimer Stadtteil Neckarstadt soll es einen Angriff auf Mitglieder der Gruppierung \u201eDeutschland gemeinsam gestalten\u201c gegeben haben. Laut&hellip;\n","protected":false},"author":2,"featured_media":1277947,"comment_status":"","ping_status":"","sticky":false,"template":"","format":"standard","meta":{"footnotes":"","_share_on_mastodon":"0"},"categories":[1845],"tags":[3110,1634,3364,29,548,663,3934,30,13,2096,14,15,121,12,1997,111899],"class_list":["post-1277946","post","type-post","status-publish","format-standard","has-post-thumbnail","category-mannheim","tag-attacke","tag-baden-wuerttemberg","tag-de","tag-deutschland","tag-eu","tag-europa","tag-europe","tag-germany","tag-headlines","tag-mannheim","tag-nachrichten","tag-news","tag-polizei","tag-schlagzeilen","tag-staatsanwaltschaft","tag-web"],"share_on_mastodon":{"url":"https:\/\/pubeurope.com\/@de\/117206823254062305","error":""},"_links":{"self":[{"href":"https:\/\/www.europesays.com\/de\/wp-json\/wp\/v2\/posts\/1277946","targetHints":{"allow":["GET"]}}],"collection":[{"href":"https:\/\/www.europesays.com\/de\/wp-json\/wp\/v2\/posts"}],"about":[{"href":"https:\/\/www.europesays.com\/de\/wp-json\/wp\/v2\/types\/post"}],"author":[{"embeddable":true,"href":"https:\/\/www.europesays.com\/de\/wp-json\/wp\/v2\/users\/2"}],"replies":[{"embeddable":true,"href":"https:\/\/www.europesays.com\/de\/wp-json\/wp\/v2\/comments?post=1277946"}],"version-history":[{"count":0,"href":"https:\/\/www.europesays.com\/de\/wp-json\/wp\/v2\/posts\/1277946\/revisions"}],"wp:featuredmedia":[{"embeddable":true,"href":"https:\/\/www.europesays.com\/de\/wp-json\/wp\/v2\/media\/1277947"}],"wp:attachment":[{"href":"https:\/\/www.europesays.com\/de\/wp-json\/wp\/v2\/media?parent=1277946"}],"wp:term":[{"taxonomy":"category","embeddable":true,"href":"https:\/\/www.europesays.com\/de\/wp-json\/wp\/v2\/categories?post=1277946"},{"taxonomy":"post_tag","embeddable":true,"href":"https:\/\/www.europesays.com\/de\/wp-json\/wp\/v2\/tags?post=1277946"}],"curies":[{"name":"wp","href":"https:\/\/api.w.org\/{rel}","templated":true}]}}