{"id":1277950,"date":"2026-09-03T11:18:28","date_gmt":"2026-09-03T11:18:28","guid":{"rendered":"https:\/\/www.europesays.com\/de\/1277950\/"},"modified":"2026-09-03T11:18:28","modified_gmt":"2026-09-03T11:18:28","slug":"tat-in-haeuslichem-umfeld-frau-verletzt-mann-in-wohnung-baden-wuerttemberg","status":"publish","type":"post","link":"https:\/\/www.europesays.com\/de\/1277950\/","title":{"rendered":"Tat in h\u00e4uslichem Umfeld \u2013 Frau verletzt, Mann in Wohnung &#8211; Baden-W\u00fcrttemberg"},"content":{"rendered":"<p>Karlsruhe (dpa\/lsw) &#8211; \u00a0Eine Frau ist im Rahmen eines h\u00e4uslichen Vorfalls in Karlsruhe verletzt worden. Zun\u00e4chst sprach die Polizei von einer Bedrohung im h\u00e4uslichen Umfeld und war mit zahlreichen, teils schwer bewaffneten Kr\u00e4ften ausger\u00fcckt. Noch vor deren Eintreffen konnte die Frau die Wohnung verletzt verlassen, wie ein Polizeisprecher sagte. Wie schwer die 25-J\u00e4hrige verletzt wurde, war zun\u00e4chst unklar. Lebensgefahr bestehe jedoch nicht. Die Frau befinde sich in \u00e4rztlicher<\/p>\n","protected":false},"excerpt":{"rendered":"Karlsruhe (dpa\/lsw) &#8211; \u00a0Eine Frau ist im Rahmen eines h\u00e4uslichen Vorfalls in Karlsruhe verletzt worden. Zun\u00e4chst sprach die&hellip;\n","protected":false},"author":2,"featured_media":1277951,"comment_status":"","ping_status":"","sticky":false,"template":"","format":"standard","meta":{"footnotes":"","_share_on_mastodon":"0"},"categories":[1844],"tags":[1634,3364,29,30,8903,1584,4823,7490],"class_list":["post-1277950","post","type-post","status-publish","format-standard","has-post-thumbnail","category-karlsruhe","tag-baden-wuerttemberg","tag-de","tag-deutschland","tag-germany","tag-karlsruhe","tag-kriminalitaet","tag-meldung","tag-vermischtes"],"share_on_mastodon":{"url":"https:\/\/pubeurope.com\/@de\/117206836995704172","error":""},"_links":{"self":[{"href":"https:\/\/www.europesays.com\/de\/wp-json\/wp\/v2\/posts\/1277950","targetHints":{"allow":["GET"]}}],"collection":[{"href":"https:\/\/www.europesays.com\/de\/wp-json\/wp\/v2\/posts"}],"about":[{"href":"https:\/\/www.europesays.com\/de\/wp-json\/wp\/v2\/types\/post"}],"author":[{"embeddable":true,"href":"https:\/\/www.europesays.com\/de\/wp-json\/wp\/v2\/users\/2"}],"replies":[{"embeddable":true,"href":"https:\/\/www.europesays.com\/de\/wp-json\/wp\/v2\/comments?post=1277950"}],"version-history":[{"count":0,"href":"https:\/\/www.europesays.com\/de\/wp-json\/wp\/v2\/posts\/1277950\/revisions"}],"wp:featuredmedia":[{"embeddable":true,"href":"https:\/\/www.europesays.com\/de\/wp-json\/wp\/v2\/media\/1277951"}],"wp:attachment":[{"href":"https:\/\/www.europesays.com\/de\/wp-json\/wp\/v2\/media?parent=1277950"}],"wp:term":[{"taxonomy":"category","embeddable":true,"href":"https:\/\/www.europesays.com\/de\/wp-json\/wp\/v2\/categories?post=1277950"},{"taxonomy":"post_tag","embeddable":true,"href":"https:\/\/www.europesays.com\/de\/wp-json\/wp\/v2\/tags?post=1277950"}],"curies":[{"name":"wp","href":"https:\/\/api.w.org\/{rel}","templated":true}]}}