{"id":1277956,"date":"2026-09-03T11:23:20","date_gmt":"2026-09-03T11:23:20","guid":{"rendered":"https:\/\/www.europesays.com\/de\/1277956\/"},"modified":"2026-09-03T11:23:20","modified_gmt":"2026-09-03T11:23:20","slug":"ostwestfalen-ihk-warnt-vor-steuererhoehungen","status":"publish","type":"post","link":"https:\/\/www.europesays.com\/de\/1277956\/","title":{"rendered":"Ostwestfalen: IHK warnt vor Steuererh\u00f6hungen"},"content":{"rendered":"<p>Immer mehr Kommunen in Ostwestfalen erh\u00f6hen die Gewerbesteuer. Das kritisiert die Industrie- und Handelskammer Ostwestfalen zu Bielefeld.<\/p>\n<p>Steuererh\u00f6hungen in Ostwestfalen<\/p>\n<p>16 von 49 St\u00e4dten und Gemeinden in Ostwestfalen haben die Hebes\u00e4tze in diesem Jahr angehoben. Nordrhein-Westfalen weist damit schon jetzt den h\u00f6chsten Durchschnittswert aller Fl\u00e4chenl\u00e4nder auf \u2013 mit 450 Prozent deutlich mehr als etwa Bayern oder Baden-W\u00fcrttemberg, die jeweils 378 Prozent haben.<\/p>\n<p>Warnung des IHK-Pr\u00e4sidenten<\/p>\n<p>IHK-Pr\u00e4sident J\u00f6rn Wahl-Schwentker warnt: Weitere Steuererh\u00f6hungen seien das falsche Signal \u2013 vor allem mit Blick auf den Wettbewerb mit Standorten in anderen Bundesl\u00e4ndern.<\/p>\n","protected":false},"excerpt":{"rendered":"Immer mehr Kommunen in Ostwestfalen erh\u00f6hen die Gewerbesteuer. Das kritisiert die Industrie- und Handelskammer Ostwestfalen zu Bielefeld. Steuererh\u00f6hungen&hellip;\n","protected":false},"author":2,"featured_media":1277957,"comment_status":"","ping_status":"","sticky":false,"template":"","format":"standard","meta":{"footnotes":"","_share_on_mastodon":"0"},"categories":[1841],"tags":[28269,1605,3364,29,30,4869,1209,3144,55],"class_list":["post-1277956","post","type-post","status-publish","format-standard","has-post-thumbnail","category-bielefeld","tag-industrie-und-handelskammer","tag-bielefeld","tag-de","tag-deutschland","tag-germany","tag-gewerbesteuer","tag-nordrhein-westfalen","tag-ostwestfalen","tag-wirtschaft"],"share_on_mastodon":{"url":"","error":""},"_links":{"self":[{"href":"https:\/\/www.europesays.com\/de\/wp-json\/wp\/v2\/posts\/1277956","targetHints":{"allow":["GET"]}}],"collection":[{"href":"https:\/\/www.europesays.com\/de\/wp-json\/wp\/v2\/posts"}],"about":[{"href":"https:\/\/www.europesays.com\/de\/wp-json\/wp\/v2\/types\/post"}],"author":[{"embeddable":true,"href":"https:\/\/www.europesays.com\/de\/wp-json\/wp\/v2\/users\/2"}],"replies":[{"embeddable":true,"href":"https:\/\/www.europesays.com\/de\/wp-json\/wp\/v2\/comments?post=1277956"}],"version-history":[{"count":0,"href":"https:\/\/www.europesays.com\/de\/wp-json\/wp\/v2\/posts\/1277956\/revisions"}],"wp:featuredmedia":[{"embeddable":true,"href":"https:\/\/www.europesays.com\/de\/wp-json\/wp\/v2\/media\/1277957"}],"wp:attachment":[{"href":"https:\/\/www.europesays.com\/de\/wp-json\/wp\/v2\/media?parent=1277956"}],"wp:term":[{"taxonomy":"category","embeddable":true,"href":"https:\/\/www.europesays.com\/de\/wp-json\/wp\/v2\/categories?post=1277956"},{"taxonomy":"post_tag","embeddable":true,"href":"https:\/\/www.europesays.com\/de\/wp-json\/wp\/v2\/tags?post=1277956"}],"curies":[{"name":"wp","href":"https:\/\/api.w.org\/{rel}","templated":true}]}}