{"id":1277960,"date":"2026-09-03T11:25:13","date_gmt":"2026-09-03T11:25:13","guid":{"rendered":"https:\/\/www.europesays.com\/de\/1277960\/"},"modified":"2026-09-03T11:25:13","modified_gmt":"2026-09-03T11:25:13","slug":"wz-kommentar-zum-pina-bausch-zentrum-wolken-ueber-der-kluse","status":"publish","type":"post","link":"https:\/\/www.europesays.com\/de\/1277960\/","title":{"rendered":"WZ-Kommentar zum Pina Bausch Zentrum: Wolken \u00fcber der Kluse"},"content":{"rendered":"<p class=\"initial richtext text-em-55 !leading-serif mx-6 desktop:mx-0\">\u00dcber dem Schauspielhaus an der Kluse sind dunkle Wolken aufgezogen. Was einige Beobachter bereits seit geraumer Zeit bef\u00fcrchten, zeichnet sich nun als Realit\u00e4t ab: Die Stadt Wuppertal hat wom\u00f6glich nicht gen\u00fcgend Geld, das Pina Bausch Zentrum zu bauen. Zumindest in der bisher geplanten Weise scheint sie dazu nicht in der Lage zu sein. Das ist nicht nur bedauerlich. Es ist ern\u00fcchternd. Es ist deprimierend. Denn beim Projekt Pina Bausch Zentrum handelt es sich einigen Unkenrufen zum Trotz nicht um ein teures Bonbon f\u00fcr einen kleinen kulturelit\u00e4ren Kreis von wohlhabenden Bildungsb\u00fcrgern.<\/p>\n","protected":false},"excerpt":{"rendered":"\u00dcber dem Schauspielhaus an der Kluse sind dunkle Wolken aufgezogen. Was einige Beobachter bereits seit geraumer Zeit bef\u00fcrchten,&hellip;\n","protected":false},"author":2,"featured_media":1277961,"comment_status":"","ping_status":"","sticky":false,"template":"","format":"standard","meta":{"footnotes":"","_share_on_mastodon":"0"},"categories":[1840],"tags":[14142,3364,29,51286,30,106640,1209,14141,5711,45726,150977,4418,13885],"class_list":["post-1277960","post","type-post","status-publish","format-standard","has-post-thumbnail","category-wuppertal","tag-bausch","tag-de","tag-deutschland","tag-dunkle","tag-germany","tag-kluse-vohwinkel","tag-nordrhein-westfalen","tag-pina","tag-schauspielhaus","tag-scherff","tag-wolke","tag-wuppertal","tag-zentrum"],"share_on_mastodon":{"url":"https:\/\/pubeurope.com\/@de\/117206864855991333","error":""},"_links":{"self":[{"href":"https:\/\/www.europesays.com\/de\/wp-json\/wp\/v2\/posts\/1277960","targetHints":{"allow":["GET"]}}],"collection":[{"href":"https:\/\/www.europesays.com\/de\/wp-json\/wp\/v2\/posts"}],"about":[{"href":"https:\/\/www.europesays.com\/de\/wp-json\/wp\/v2\/types\/post"}],"author":[{"embeddable":true,"href":"https:\/\/www.europesays.com\/de\/wp-json\/wp\/v2\/users\/2"}],"replies":[{"embeddable":true,"href":"https:\/\/www.europesays.com\/de\/wp-json\/wp\/v2\/comments?post=1277960"}],"version-history":[{"count":0,"href":"https:\/\/www.europesays.com\/de\/wp-json\/wp\/v2\/posts\/1277960\/revisions"}],"wp:featuredmedia":[{"embeddable":true,"href":"https:\/\/www.europesays.com\/de\/wp-json\/wp\/v2\/media\/1277961"}],"wp:attachment":[{"href":"https:\/\/www.europesays.com\/de\/wp-json\/wp\/v2\/media?parent=1277960"}],"wp:term":[{"taxonomy":"category","embeddable":true,"href":"https:\/\/www.europesays.com\/de\/wp-json\/wp\/v2\/categories?post=1277960"},{"taxonomy":"post_tag","embeddable":true,"href":"https:\/\/www.europesays.com\/de\/wp-json\/wp\/v2\/tags?post=1277960"}],"curies":[{"name":"wp","href":"https:\/\/api.w.org\/{rel}","templated":true}]}}