{"id":1277962,"date":"2026-09-03T11:26:18","date_gmt":"2026-09-03T11:26:18","guid":{"rendered":"https:\/\/www.europesays.com\/de\/1277962\/"},"modified":"2026-09-03T11:26:18","modified_gmt":"2026-09-03T11:26:18","slug":"schoeller-bis-gruiten-und-zurueck-von-historischen-doerfern-zu-neuen-canyons","status":"publish","type":"post","link":"https:\/\/www.europesays.com\/de\/1277962\/","title":{"rendered":"Sch\u00f6ller bis Gruiten und zur\u00fcck: Von historischen D\u00f6rfern zu neuen Canyons"},"content":{"rendered":"<p class=\"text_ohne_einzug richtext text-em-55 !leading-serif mx-6 desktop:mx-0\">Ein sonniger Tag beginnt auf dem Wanderparkplatz in Sch\u00f6ller. Das Dorf im Westen Wuppertals wirkt noch immer wie ein eigenst\u00e4ndiges \u00d6rtchen innerhalb der Stadt: eingemeindet, aber nicht vereinheitlicht. Die paar Menschen, die uns auf den Stra\u00dfen zu Beginn der Wanderung begegnen, gr\u00fc\u00dfen freundlich. Kaum zu glauben, dass im beschaulichen Sch\u00f6ller vor einigen Jahrhunderten auf kreative Art und Weise B\u00f6sewichte gefoltert wurden. Wir wandern ein paar Schritte zu Burgmauer und Bergfried des ehemaligen Herrensitzes Sch\u00f6ller und lassen folgende Szene vor dem inneren Auge abspielen: Im sp\u00e4ten 18. Jahrhundert soll der Weber und Langfinger Kob Hannes hier an ein Fenster gekettet worden sein \u2013 nackt und mit Honig beschmiert. Dann wurden die Bienen auf ihn losgelassen.<\/p>\n","protected":false},"excerpt":{"rendered":"Ein sonniger Tag beginnt auf dem Wanderparkplatz in Sch\u00f6ller. Das Dorf im Westen Wuppertals wirkt noch immer wie&hellip;\n","protected":false},"author":2,"featured_media":1277963,"comment_status":"","ping_status":"","sticky":false,"template":"","format":"standard","meta":{"footnotes":"","_share_on_mastodon":"0"},"categories":[1840],"tags":[4652,2294,263674,45890,3364,29,13194,263671,26379,263673,153802,30,77985,74361,1209,150210,263672,263675,68909,13156,26361,4418],"class_list":["post-1277962","post","type-post","status-publish","format-standard","has-post-thumbnail","category-wuppertal","tag-wald","tag-bank","tag-bewaldeter","tag-bienen","tag-de","tag-deutschland","tag-dorf","tag-doerfern","tag-duessel","tag-entlangwandern","tag-fern","tag-germany","tag-grube","tag-gruiten","tag-nordrhein-westfalen","tag-schoeller","tag-schoellerweg","tag-walddorf","tag-waldweg","tag-wandern","tag-wanderung","tag-wuppertal"],"share_on_mastodon":{"url":"https:\/\/pubeurope.com\/@de\/117206868640192753","error":""},"_links":{"self":[{"href":"https:\/\/www.europesays.com\/de\/wp-json\/wp\/v2\/posts\/1277962","targetHints":{"allow":["GET"]}}],"collection":[{"href":"https:\/\/www.europesays.com\/de\/wp-json\/wp\/v2\/posts"}],"about":[{"href":"https:\/\/www.europesays.com\/de\/wp-json\/wp\/v2\/types\/post"}],"author":[{"embeddable":true,"href":"https:\/\/www.europesays.com\/de\/wp-json\/wp\/v2\/users\/2"}],"replies":[{"embeddable":true,"href":"https:\/\/www.europesays.com\/de\/wp-json\/wp\/v2\/comments?post=1277962"}],"version-history":[{"count":0,"href":"https:\/\/www.europesays.com\/de\/wp-json\/wp\/v2\/posts\/1277962\/revisions"}],"wp:featuredmedia":[{"embeddable":true,"href":"https:\/\/www.europesays.com\/de\/wp-json\/wp\/v2\/media\/1277963"}],"wp:attachment":[{"href":"https:\/\/www.europesays.com\/de\/wp-json\/wp\/v2\/media?parent=1277962"}],"wp:term":[{"taxonomy":"category","embeddable":true,"href":"https:\/\/www.europesays.com\/de\/wp-json\/wp\/v2\/categories?post=1277962"},{"taxonomy":"post_tag","embeddable":true,"href":"https:\/\/www.europesays.com\/de\/wp-json\/wp\/v2\/tags?post=1277962"}],"curies":[{"name":"wp","href":"https:\/\/api.w.org\/{rel}","templated":true}]}}