{"id":1277970,"date":"2026-09-03T11:31:16","date_gmt":"2026-09-03T11:31:16","guid":{"rendered":"https:\/\/www.europesays.com\/de\/1277970\/"},"modified":"2026-09-03T11:31:16","modified_gmt":"2026-09-03T11:31:16","slug":"frauenrechtlerin-gloria-steinem-ist-gestorben-kultur","status":"publish","type":"post","link":"https:\/\/www.europesays.com\/de\/1277970\/","title":{"rendered":"Frauenrechtlerin Gloria Steinem ist gestorben &#8211; Kultur"},"content":{"rendered":"<p data-manual=\"paragraph\" data-schema-org-speakable=\"true\" class=\"css-1eosz7k\">Die Journalistin und Feministin Gloria Steinem ist im Alter von 92 Jahren gestorben. Ihr Tod wurde auf ihrem Instagram-Account bekannt gegeben. Den dortigen Angaben zufolge starb sie friedlich in ihrem Zuhause in New York, umgeben von ihren Angeh\u00f6rigen.<\/p>\n<p data-manual=\"paragraph\" data-schema-org-speakable=\"true\" class=\"css-1eosz7k\">Steinem geh\u00f6rte zu den f\u00fchrenden Pers\u00f6nlichkeiten der amerikanischen Frauenbewegung. Nachdem sie sich zun\u00e4chst als Journalistin mit feministischen Themen befasst hat, wandte sie sich im Laufe ihrer Karriere immer mehr dem Aktivismus zu. Sie geh\u00f6rte zu den Gr\u00fcndungsmitgliedern von \u201eWomen\u2019s Action Alliance\u201c zur Mobilisierung gegen Diskriminierung und engagierte sich in weiteren politischen Organisationen.<\/p>\n<p>InstagramDie SZ-Redaktion hat diesen Artikel mit einem Inhalt von Instagram angereichert<\/p>\n<p class=\"css-kxe210\">Um Ihre Daten zu sch\u00fctzen, wurde er nicht ohne Ihre Zustimmung geladen.<\/p>\n<p>Inhalt jetzt laden<\/p>\n<p class=\"css-orh8zx\">Ich bin damit einverstanden, dass mir Inhalte von Instagram angezeigt werden. Damit werden personenbezogene Daten an den Betreiber des Portals zur Nutzungsanalyse \u00fcbermittelt. Mehr Informationen und eine Widerrufsm\u00f6glichkeit finden Sie unter\u00a0<a href=\"https:\/\/datenschutz.sueddeutsche.de\/sz\" class=\"css-lqefuc\" rel=\"nofollow noopener\" target=\"_blank\">sz.de\/datenschutz<\/a>.<\/p>\n<p data-manual=\"paragraph\" data-schema-org-speakable=\"true\" class=\"css-1eosz7k\">1971 gr\u00fcndete sie das monatlich erscheinende Magazin \u201eMs.\u201c, die erste progressive Frauenzeitschrift Amerikas, und war bis 1987 ihre Herausgeberin. In der Zeitschrift ging es um die rechtliche und berufliche Gleichstellung der Frau, um die sexuelle Revolution und beispielsweise auch um die Liberalisierung von Schwangerschaftsabbr\u00fcchen. Mitte der 1970er-Jahre hatte das Magazin eine Auflage von 500 000 Exemplaren.<\/p>\n<p data-manual=\"paragraph\" data-schema-org-speakable=\"true\" class=\"css-1eosz7k\">Steinem ver\u00f6ffentlichte au\u00dferdem zahlreiche B\u00fccher, <a href=\"https:\/\/www.sueddeutsche.de\/kultur\/autobiografie-feminismus-ist-nicht-genug-1.3200398\" rel=\"nofollow noopener\" target=\"_blank\">zuletzt ihre 2015 erschienene Autobiografie \u201eMy Life on the Road\u201c<\/a>. In den vergangenen Jahren schrieb sie an einem weiteren Buch \u00fcber ihr Leben. \u201eAn Unexpected Life\u201c soll Ende des Monats in den <a href=\"https:\/\/www.sueddeutsche.de\/thema\/USA\" rel=\"nofollow noopener\" target=\"_blank\">USA<\/a> erscheinen.<\/p>\n","protected":false},"excerpt":{"rendered":"Die Journalistin und Feministin Gloria Steinem ist im Alter von 92 Jahren gestorben. Ihr Tod wurde auf ihrem&hellip;\n","protected":false},"author":2,"featured_media":1277971,"comment_status":"","ping_status":"","sticky":false,"template":"","format":"standard","meta":{"footnotes":"","_share_on_mastodon":"0"},"categories":[3977],"tags":[331,332,147,11393,13,5508,80,2057,93,14,15,12,149,4017,4018,4016,64,4019,4020],"class_list":["post-1277970","post","type-post","status-publish","format-standard","has-post-thumbnail","category-usa","tag-aktuelle-nachrichten","tag-aktuelle-news","tag-ausland","tag-feminismus","tag-headlines","tag-journalismus","tag-kultur","tag-leben-und-gesellschaft","tag-literatur","tag-nachrichten","tag-news","tag-schlagzeilen","tag-sueddeutsche-zeitung","tag-united-states","tag-united-states-of-america","tag-us","tag-usa","tag-vereinigte-staaten","tag-vereinigte-staaten-von-amerika"],"share_on_mastodon":{"url":"https:\/\/pubeurope.com\/@de\/117206888480047247","error":""},"_links":{"self":[{"href":"https:\/\/www.europesays.com\/de\/wp-json\/wp\/v2\/posts\/1277970","targetHints":{"allow":["GET"]}}],"collection":[{"href":"https:\/\/www.europesays.com\/de\/wp-json\/wp\/v2\/posts"}],"about":[{"href":"https:\/\/www.europesays.com\/de\/wp-json\/wp\/v2\/types\/post"}],"author":[{"embeddable":true,"href":"https:\/\/www.europesays.com\/de\/wp-json\/wp\/v2\/users\/2"}],"replies":[{"embeddable":true,"href":"https:\/\/www.europesays.com\/de\/wp-json\/wp\/v2\/comments?post=1277970"}],"version-history":[{"count":0,"href":"https:\/\/www.europesays.com\/de\/wp-json\/wp\/v2\/posts\/1277970\/revisions"}],"wp:featuredmedia":[{"embeddable":true,"href":"https:\/\/www.europesays.com\/de\/wp-json\/wp\/v2\/media\/1277971"}],"wp:attachment":[{"href":"https:\/\/www.europesays.com\/de\/wp-json\/wp\/v2\/media?parent=1277970"}],"wp:term":[{"taxonomy":"category","embeddable":true,"href":"https:\/\/www.europesays.com\/de\/wp-json\/wp\/v2\/categories?post=1277970"},{"taxonomy":"post_tag","embeddable":true,"href":"https:\/\/www.europesays.com\/de\/wp-json\/wp\/v2\/tags?post=1277970"}],"curies":[{"name":"wp","href":"https:\/\/api.w.org\/{rel}","templated":true}]}}