{"id":1277994,"date":"2026-09-03T11:46:16","date_gmt":"2026-09-03T11:46:16","guid":{"rendered":"https:\/\/www.europesays.com\/de\/1277994\/"},"modified":"2026-09-03T11:46:16","modified_gmt":"2026-09-03T11:46:16","slug":"eko-kajal-festnahmen-nach-vergewaltigung-einer-14-jaehrigen","status":"publish","type":"post","link":"https:\/\/www.europesays.com\/de\/1277994\/","title":{"rendered":"EKO &#8222;Kajal&#8220;: Festnahmen nach Vergewaltigung einer 14-J\u00e4hrigen"},"content":{"rendered":"<p>Im Zusammenhang mit der Abgabe von Drogen und der <a href=\"https:\/\/www.br.de\/nachrichten\/bayern\/maedchen-missbrauch-in-nuernberg-tatverdaechtiger-festgenommen,VTJho8u\" rel=\"nofollow noopener\" target=\"_blank\">Vergewaltigung von jungen Frauen<\/a> im Bereich des N\u00fcrnberger Hauptbahnhofs sind drei weitere tatverd\u00e4chtige M\u00e4nner festgenommen worden. Wie die Polizei mitteilte, werden ein 16-J\u00e4hriger und ein 18-J\u00e4hriger verd\u00e4chtigt, eine 14-J\u00e4hrige vergewaltigt zu haben. Ein anderer soll Drogen an Minderj\u00e4hrige abgegeben haben. <\/p>\n<p>14-J\u00e4hrige in N\u00fcrnberg vergewaltigt: Zwei Festnahmen<\/p>\n<p>Demnach teilte das M\u00e4dchen der Polizei am Montagnachmittag mit, dass sie soeben von zwei jungen M\u00e4nnern in einem Park unweit des Pl\u00e4rrers vergewaltigt worden sei und Hilfe ben\u00f6tigte. Im Verlauf der Fahndungsma\u00dfnahmen gelang es einer Streifenbesatzung der Bundespolizei, einen tatverd\u00e4chtigen 16-j\u00e4hrigen syrischen Staatsangeh\u00f6rigen am Pl\u00e4rrer festzunehmen. <\/p>\n<p>Der zweite Tatverd\u00e4chtige, ein 18-j\u00e4hriger Syrer, konnte am Dienstagnachmittag durch Ermittler der Ermittlungskommission &#8222;Kajal&#8220; in einer Wohnung im N\u00fcrnberger Stadtteil Langwasser angetroffen und festgenommen werden. Nach bisherigem Erkenntnissen sollte die 14-J\u00e4hrige f\u00fcr den Erhalt einer E-Zigarette (Vape) sexuelle Handlungen an den M\u00e4nnern durchf\u00fchren. Im weiteren Verlauf sollen die M\u00e4nner das M\u00e4dchen auf dem Parkgel\u00e4nde vergewaltigt haben. Sie musste medizinisch versorgt werden.<\/p>\n<p>Bet\u00e4ubungsmittel an Minderj\u00e4hrige abgegeben<\/p>\n<p>Durch die gemeinsamen Ermittlungen der &#8222;EKO Kajal&#8220; und der Staatsanwaltschaft N\u00fcrnberg-F\u00fcrth, konnten in den vergangenen Monaten Haftbefehle gegen insgesamt 18 Tatverd\u00e4chtige vollstreckt werden.<\/p>\n<p>Bereits Mitte August wollte eine Streifenbesatzung der Polizeiinspektion N\u00fcrnberg-Mitte einen 29-j\u00e4hrigen aus Pal\u00e4stina stammenden Staatenlosen, der mit einem E-Scooter im Bereich des Jakobstors unterwegs war, einer Verkehrskontrolle unterziehen. Der 29-J\u00e4hrige fl\u00fcchtete und sprang von der Stadtmauer in den Stadtgraben. Hierbei erlitt er mehrere Frakturen und musste in ein Krankenhaus eingeliefert werden. <\/p>\n<p>Der 29-J\u00e4hrige f\u00fchrte bei der Flucht verschreibungspflichtige Medikamente (Pregabalin) mit sich und war zudem bereits in den Fokus der Ermittler geraten. In diesem Zusammenhang wird der 29-J\u00e4hrige verd\u00e4chtigt, mehrfach Bet\u00e4ubungsmittel an Minderj\u00e4hrige abgegeben zu haben. Der Mann sitzt bereits seit Freitag in Untersuchungshaft.<\/p>\n","protected":false},"excerpt":{"rendered":"Im Zusammenhang mit der Abgabe von Drogen und der Vergewaltigung von jungen Frauen im Bereich des N\u00fcrnberger Hauptbahnhofs&hellip;\n","protected":false},"author":2,"featured_media":1277995,"comment_status":"","ping_status":"","sticky":false,"template":"","format":"standard","meta":{"footnotes":"","_share_on_mastodon":"0"},"categories":[1837],"tags":[772,3364,29,260489,30,75050,4156,3783,15210,1921,11983],"class_list":["post-1277994","post","type-post","status-publish","format-standard","has-post-thumbnail","category-nuernberg","tag-bayern","tag-de","tag-deutschland","tag-eko-kajal","tag-germany","tag-grooming","tag-mittelfranken","tag-nuernberg","tag-sexualdelikt","tag-vergewaltigung","tag-verhaftungen"],"share_on_mastodon":{"url":"https:\/\/pubeurope.com\/@de\/117206947660468269","error":""},"_links":{"self":[{"href":"https:\/\/www.europesays.com\/de\/wp-json\/wp\/v2\/posts\/1277994","targetHints":{"allow":["GET"]}}],"collection":[{"href":"https:\/\/www.europesays.com\/de\/wp-json\/wp\/v2\/posts"}],"about":[{"href":"https:\/\/www.europesays.com\/de\/wp-json\/wp\/v2\/types\/post"}],"author":[{"embeddable":true,"href":"https:\/\/www.europesays.com\/de\/wp-json\/wp\/v2\/users\/2"}],"replies":[{"embeddable":true,"href":"https:\/\/www.europesays.com\/de\/wp-json\/wp\/v2\/comments?post=1277994"}],"version-history":[{"count":0,"href":"https:\/\/www.europesays.com\/de\/wp-json\/wp\/v2\/posts\/1277994\/revisions"}],"wp:featuredmedia":[{"embeddable":true,"href":"https:\/\/www.europesays.com\/de\/wp-json\/wp\/v2\/media\/1277995"}],"wp:attachment":[{"href":"https:\/\/www.europesays.com\/de\/wp-json\/wp\/v2\/media?parent=1277994"}],"wp:term":[{"taxonomy":"category","embeddable":true,"href":"https:\/\/www.europesays.com\/de\/wp-json\/wp\/v2\/categories?post=1277994"},{"taxonomy":"post_tag","embeddable":true,"href":"https:\/\/www.europesays.com\/de\/wp-json\/wp\/v2\/tags?post=1277994"}],"curies":[{"name":"wp","href":"https:\/\/api.w.org\/{rel}","templated":true}]}}