{"id":1277996,"date":"2026-09-03T11:47:16","date_gmt":"2026-09-03T11:47:16","guid":{"rendered":"https:\/\/www.europesays.com\/de\/1277996\/"},"modified":"2026-09-03T11:47:16","modified_gmt":"2026-09-03T11:47:16","slug":"sperrung-wegen-maroder-bruecken-bahnstrecke-zwischen-nuernberg-und-bayreuth-wieder-offen","status":"publish","type":"post","link":"https:\/\/www.europesays.com\/de\/1277996\/","title":{"rendered":"Sperrung wegen maroder Br\u00fccken: Bahnstrecke zwischen N\u00fcrnberg und Bayreuth wieder offen"},"content":{"rendered":"<p class=\"paragraph article__item\">Bahn-Reisende und Pendler zwischen <a class=\"rtr-entity\" href=\"https:\/\/www.zeit.de\/thema\/nuernberg\" rel=\"nofollow noopener\" target=\"_blank\">N\u00fcrnberg<\/a> und Bayreuth k\u00f6nnen bald wieder komplett den Zug nehmen &#8211; und m\u00fcssen nicht mehr auf den Bus ausweichen: Die Trasse durch das Pegnitztal ist zum Start des neuen Schuljahres wieder komplett befahrbar, wie die Deutsche Bahn (DB) mitteilte. Vom 14. September an fahren die Z\u00fcge wieder.\u00a0\n<\/p>\n<p>Aktuelles<\/p>\n<p>                <a href=\"https:\/\/www.zeit.de\/wirtschaft\/2026-08\/db-infrago-bundesnetzagentur-klage-fernverkehr-trassen\" data-ct-label=\"Einstieg von Italo: Deutsche Bahn klagt gegen Wettbewerbsvorgaben der Bundesnetzagentur\" data-uuid=\"3278092a-45ae-434d-a395-8712657d5138\" rel=\"nofollow noopener\" target=\"_blank\"><\/p>\n<p>                        Einstieg von Italo:<br \/>\n                        Deutsche Bahn klagt gegen Wettbewerbsvorgaben der Bundesnetzagentur<\/p>\n<p>                <\/a><\/p>\n<p>                <a href=\"https:\/\/www.zeit.de\/mobilitaet\/2026-08\/generalsanierung-bahn-evelyn-palla-sanierungsplan-bahnstrecken\" data-ct-label=\"Deutsche Bahn: Deutsche Bahn will Generalsanierungspl\u00e4ne \u00fcberarbeiten\" data-uuid=\"d473579a-5035-412a-961a-e2b88e6ce43d\" rel=\"nofollow noopener\" target=\"_blank\"><\/p>\n<p>                        Deutsche Bahn:<br \/>\n                        Deutsche Bahn will Generalsanierungspl\u00e4ne \u00fcberarbeiten<\/p>\n<p>                <\/a><\/p>\n<p>                <a href=\"https:\/\/www.zeit.de\/2026\/38\/eu-passenger-package-bahnticket-fahrgastrechte-betreiber\" data-ct-label=\"EU-Passenger Package: Ein Ticket von Bonn nach Lyon\" data-uuid=\"7d116b2e-c424-4e0a-9a6e-54dd3ba1aaf4\" rel=\"nofollow noopener\" target=\"_blank\"><\/p>\n<p>        Z+ (abopflichtiger Inhalt);<\/p>\n<p>    EU-Passenger Package:<br \/>\n                        Ein Ticket von Bonn nach Lyon<\/p>\n<p>                <\/a><\/p>\n<p class=\"paragraph article__item\">R\u00fcckblick: Vor etwa einem Jahr hie\u00df es \u00fcberraschend f\u00fcr die Fahrg\u00e4ste, dass im Pegnitztal zwischen Hersbruck und Pegnitz 18 Br\u00fccken stark besch\u00e4digt waren und die Strecke gesperrt werden musste. F\u00fcr viele <a class=\"rtr-entity\" href=\"https:\/\/www.zeit.de\/thema\/pendler\" rel=\"nofollow noopener\" target=\"_blank\">Pendler<\/a>, Ausfl\u00fcgler und Sch\u00fclerinnen und Sch\u00fcler hie\u00df es fortan: Ersatzbus statt Bahn.\u00a0\n<\/p>\n<p>                        Was ist eigentlich mit der Elektrifizierung?            <\/p>\n<p class=\"paragraph article__item\">In den Monaten der Sperrung wurden nach Bahn-Angaben die Br\u00fccken wieder instand gesetzt. \u00abDabei wurden unter anderem die Fugen der Bauwerke erneuert und verpresst, lose Mauerwerkssteine an den Br\u00fccken mit Nadeln und Ankern verst\u00e4rkt sowie Risse im Mauerwerk verschlossen und verpresst, um die jeweilige Bausubstanz zu stabilisieren\u00bb, teilte die DB mit. Die Ma\u00dfnahmen kosteten rund neun Millionen Euro. Im Mai wurde zun\u00e4chst ein Teilst\u00fcck wieder freigegeben, nun folgt die komplette Trasse durchs Pegnitztal.\u00a0\n<\/p>\n<p class=\"paragraph article__item\">\u00abDie Bahn ist zum Schulstart bereit, aber es bleiben noch Hausaufgaben \u00fcbrig\u00bb, teilte Bayerns Verkehrsminister Christian Bernreiter (CSU) mit. Die historischen Stahlbr\u00fccken m\u00fcssten nun engmaschig kontrolliert werden. \u00abEs darf nicht noch einmal passieren, dass die Bahn von heute auf morgen von einem schlechten Br\u00fcckenzustand \u00fcberrascht wird und es kurzfristige Sperren gibt.\u00bb\u00a0\n<\/p>\n<p class=\"paragraph article__item\">In den kommenden Jahren sollen die 18 Br\u00fccken grundlegend erneuert werden. Zugleich gibt es schon seit Jahrzehnten eine Diskussion um die Elektrifizierung der Trasse: Vom Norden her k\u00f6nnen von Sachsen bis Hof bereits E-Loks fahren, Richtung S\u00fcden bis N\u00fcrnberg m\u00fcssen die Bahnen noch mit Diesel betrieben werden. Bislang gibt es aber noch keine konkreten Planungsschritte f\u00fcr die Modernisierung der Strecke.\n<\/p>\n<p class=\"paragraph article__item\">\u00a9 dpa-infocom, dpa:260903-930-625966\/2<\/p>\n","protected":false},"excerpt":{"rendered":"Bahn-Reisende und Pendler zwischen N\u00fcrnberg und Bayreuth k\u00f6nnen bald wieder komplett den Zug nehmen &#8211; und m\u00fcssen nicht&hellip;\n","protected":false},"author":2,"featured_media":1277997,"comment_status":"","ping_status":"","sticky":false,"template":"","format":"standard","meta":{"footnotes":"","_share_on_mastodon":"0"},"categories":[1837],"tags":[2226,772,5899,5219,3364,2030,29,30,15,3783,14204,121948,4125,2224,263687],"class_list":["post-1277996","post","type-post","status-publish","format-standard","has-post-thumbnail","category-nuernberg","tag-bahnstrecke","tag-bayern","tag-bayreuth","tag-db","tag-de","tag-deutsche-bahn","tag-deutschland","tag-germany","tag-news","tag-nuernberg","tag-pegnitz","tag-pegnitztal","tag-pendler","tag-sperrung","tag-sperrung-wegen-maroder-bruecken"],"share_on_mastodon":{"url":"https:\/\/pubeurope.com\/@de\/117206951268029041","error":""},"_links":{"self":[{"href":"https:\/\/www.europesays.com\/de\/wp-json\/wp\/v2\/posts\/1277996","targetHints":{"allow":["GET"]}}],"collection":[{"href":"https:\/\/www.europesays.com\/de\/wp-json\/wp\/v2\/posts"}],"about":[{"href":"https:\/\/www.europesays.com\/de\/wp-json\/wp\/v2\/types\/post"}],"author":[{"embeddable":true,"href":"https:\/\/www.europesays.com\/de\/wp-json\/wp\/v2\/users\/2"}],"replies":[{"embeddable":true,"href":"https:\/\/www.europesays.com\/de\/wp-json\/wp\/v2\/comments?post=1277996"}],"version-history":[{"count":0,"href":"https:\/\/www.europesays.com\/de\/wp-json\/wp\/v2\/posts\/1277996\/revisions"}],"wp:featuredmedia":[{"embeddable":true,"href":"https:\/\/www.europesays.com\/de\/wp-json\/wp\/v2\/media\/1277997"}],"wp:attachment":[{"href":"https:\/\/www.europesays.com\/de\/wp-json\/wp\/v2\/media?parent=1277996"}],"wp:term":[{"taxonomy":"category","embeddable":true,"href":"https:\/\/www.europesays.com\/de\/wp-json\/wp\/v2\/categories?post=1277996"},{"taxonomy":"post_tag","embeddable":true,"href":"https:\/\/www.europesays.com\/de\/wp-json\/wp\/v2\/tags?post=1277996"}],"curies":[{"name":"wp","href":"https:\/\/api.w.org\/{rel}","templated":true}]}}