{"id":1278006,"date":"2026-09-03T11:53:23","date_gmt":"2026-09-03T11:53:23","guid":{"rendered":"https:\/\/www.europesays.com\/de\/1278006\/"},"modified":"2026-09-03T11:53:23","modified_gmt":"2026-09-03T11:53:23","slug":"pol-hb-nr-0580-polizei-veroeffentlicht-fahndungsfoto-nach-schuessen-in","status":"publish","type":"post","link":"https:\/\/www.europesays.com\/de\/1278006\/","title":{"rendered":"POL-HB: Nr.: 0580&#8211;Polizei ver\u00f6ffentlicht Fahndungsfoto nach Sch\u00fcssen in &#8230;"},"content":{"rendered":"<p class=\"date\">03.09.2026 \u2013 13:25<\/p>\n<p class=\"customer\">\n                        <a class=\"story-customer\" title=\"weiter zum newsroom von Polizei Bremen\" href=\"https:\/\/www.presseportal.de\/blaulicht\/nr\/35235\" rel=\"nofollow noopener\" target=\"_blank\">Polizei Bremen<\/a>\n                    <\/p>\n<p><a class=\"glightbox event-trigger\" href=\"https:\/\/cache.pressmailing.net\/thumbnail\/story_hires\/ed741a48-c369-4e8f-9298-7b69c0f3e186\/DEMIRMahsum.jpg.jpg\" data-description=\"Gesuchter Mahsum Demir\" data-category=\"medialightbox\" data-action=\"click\" data-label=\"single\" data-value=\"6a995944270000fd2cc6e37b\" rel=\"nofollow noopener\" target=\"_blank\"><img decoding=\"async\" height=\"540\" with=\"720\" src=\"https:\/\/www.europesays.com\/de\/wp-content\/uploads\/2026\/09\/pol-hb-nr-0580-polizei-ver-ffentlicht-fahndungsfoto-nach-sch-ssen-in-woltmershausen.jpeg\"   alt=\"POL-HB: Nr.: 0580--Polizei ver\u00f6ffentlicht Fahndungsfoto nach Sch\u00fcssen in Woltmershausen--\" class=\"single\"\/><\/a><\/p>\n<p><a data-category=\"citylink-story-view\" data-action=\"click\" data-label=\"Citylink in Meldungsansicht\" class=\"story-city event-trigger\" href=\"https:\/\/www.presseportal.de\/regional\/Bremen\" title=\"News aus Bremen \" rel=\"nofollow noopener\" target=\"_blank\">Bremen<\/a> (ots)<\/p>\n<p>   -Ort: \tBremen-Woltmershausen, OT Woltmershausen, Dangaster Stra\u00dfe<br \/>\nZeit: \t21.08.26, 15 Uhr<\/p>\n<p> Nachdem im August auf einen 40 Jahre alten Mann im Bremer Stadtteil Woltmershausen geschossen wurde, siehe auch Pressemeldung 552, konnte die Polizei den mutma\u00dflichen T\u00e4ter ermitteln und fahndet mit einem Foto nach dem 29-J\u00e4hrigen. <\/p>\n<p> Aus noch nicht abschlie\u00dfend gekl\u00e4rten Gr\u00fcnden gerieten der 40-J\u00e4hrige und sein Bruder in der Dangaster Stra\u00dfe mit zwei 28 und 29 Jahre alten M\u00e4nner in einen Streit. Der 29-J\u00e4hrige soll dann im weiteren Verlauf auf den Bremer geschossen haben. Anschlie\u00dfend fl\u00fcchtete das Duo. <\/p>\n<p> Es folgten umfangreiche Fahndungs- und Ermittlungsma\u00dfnahmen der Polizei. Zudem konnten wichtige Beweismittel aufgefunden, beschlagnahmt und untersucht werden. Die Ergebnisse dieser intensiven Arbeit f\u00fchrten zu dem mutma\u00dflichen Sch\u00fctzen Mahsum Demir. <\/p>\n<p> Unter  <a target=\"_blank\" class=\"uri-ext outbound\" rel=\"noopener nofollow\" href=\"https:\/\/hb.hinweisportal.de\">https:\/\/hb.hinweisportal.de<\/a> k\u00f6nnen Zeuginnen und Zeugen Hinweise sowie Fotos oder Videos &#8211; auf Wunsch auch anonym &#8211; direkt an die Ermittler \u00fcbermitteln. <\/p>\n<p> In akuten Notf\u00e4llen oder wenn der Gesuchte aktuell gesehen wird, w\u00e4hlen Sie bitte umgehend den Notruf 110 und sprechen Sie ihn nicht an. Sonstige Hinweise nimmt weiterhin auch der Kriminaldauerdienst der Polizei Bremen unter der Rufnummer (0421) 362-3888 entgegen <\/p>\n<p> Die weiteren Ermittlungen dauern noch an. Ausk\u00fcnfte erteilt die Staatsanwaltschaft Bremen. <\/p>\n<p class=\"contact-headline\">R\u00fcckfragen bitte an:<\/p>\n<p class=\"contact-text\">Pressestelle Polizei Bremen<br \/>Franka Haedke <br \/>Telefon: 0421\/362 12114<br \/>Fax: 0421\/362 3749<br \/><a target=\"_blank\" class=\"uri-ext outbound\" rel=\"noopener nofollow\" href=\"http:\/\/www.polizei.bremen.de\">http:\/\/www.polizei.bremen.de<\/a><br \/><a target=\"_blank\" class=\"uri-ext outbound\" rel=\"noopener nofollow\" href=\"http:\/\/www.polizei-beratung.de\">http:\/\/www.polizei-beratung.de<\/a><\/p>\n<p class=\"originator\">Original-Content von: Polizei Bremen, \u00fcbermittelt durch news aktuell<\/p>\n","protected":false},"excerpt":{"rendered":"03.09.2026 \u2013 13:25 Polizei Bremen Bremen (ots) -Ort: Bremen-Woltmershausen, OT Woltmershausen, Dangaster Stra\u00dfe Zeit: 21.08.26, 15 Uhr Nachdem&hellip;\n","protected":false},"author":2,"featured_media":1278007,"comment_status":"","ping_status":"","sticky":false,"template":"","format":"standard","meta":{"footnotes":"","_share_on_mastodon":"0"},"categories":[1824],"tags":[2420,3364,29,30,7309,177,5404,121,178,180,179,181],"class_list":["post-1278006","post","type-post","status-publish","format-standard","has-post-thumbnail","category-bremen","tag-bremen","tag-de","tag-deutschland","tag-germany","tag-hb","tag-kriminalitt","tag-ni","tag-polizei","tag-presse","tag-pressemeldung","tag-pressemitteilung","tag-pressemitteilungen"],"share_on_mastodon":{"url":"https:\/\/pubeurope.com\/@de\/117206976445888037","error":""},"_links":{"self":[{"href":"https:\/\/www.europesays.com\/de\/wp-json\/wp\/v2\/posts\/1278006","targetHints":{"allow":["GET"]}}],"collection":[{"href":"https:\/\/www.europesays.com\/de\/wp-json\/wp\/v2\/posts"}],"about":[{"href":"https:\/\/www.europesays.com\/de\/wp-json\/wp\/v2\/types\/post"}],"author":[{"embeddable":true,"href":"https:\/\/www.europesays.com\/de\/wp-json\/wp\/v2\/users\/2"}],"replies":[{"embeddable":true,"href":"https:\/\/www.europesays.com\/de\/wp-json\/wp\/v2\/comments?post=1278006"}],"version-history":[{"count":0,"href":"https:\/\/www.europesays.com\/de\/wp-json\/wp\/v2\/posts\/1278006\/revisions"}],"wp:featuredmedia":[{"embeddable":true,"href":"https:\/\/www.europesays.com\/de\/wp-json\/wp\/v2\/media\/1278007"}],"wp:attachment":[{"href":"https:\/\/www.europesays.com\/de\/wp-json\/wp\/v2\/media?parent=1278006"}],"wp:term":[{"taxonomy":"category","embeddable":true,"href":"https:\/\/www.europesays.com\/de\/wp-json\/wp\/v2\/categories?post=1278006"},{"taxonomy":"post_tag","embeddable":true,"href":"https:\/\/www.europesays.com\/de\/wp-json\/wp\/v2\/tags?post=1278006"}],"curies":[{"name":"wp","href":"https:\/\/api.w.org\/{rel}","templated":true}]}}