{"id":1278025,"date":"2026-09-03T12:05:17","date_gmt":"2026-09-03T12:05:17","guid":{"rendered":"https:\/\/www.europesays.com\/de\/1278025\/"},"modified":"2026-09-03T12:05:17","modified_gmt":"2026-09-03T12:05:17","slug":"verwaltungswirtin-bei-der-stadt-lernen-warum-diana-16-sich-so-entschieden-hat-nachrichten-aus-waiblingen","status":"publish","type":"post","link":"https:\/\/www.europesays.com\/de\/1278025\/","title":{"rendered":"Verwaltungswirtin bei der Stadt lernen? Warum Diana (16) sich so entschieden hat &#8211; Nachrichten aus Waiblingen"},"content":{"rendered":"<p><strong>Waiblingen. <\/strong> F\u00fcr acht junge Menschen hat am Dienstag, 1. September 2026, ein neuer Lebensabschnitt begonnen: Ihre Ausbildung bei der Stadt  Waiblingen. Die f\u00fcnf Frauen und drei M\u00e4nner haben sich f\u00fcr unterschiedliche Berufsfelder entschieden, die Entscheidung f\u00fcr eine Ausbildung bei der Stadt haben sie jedoch gemeinsam. Unter den Nachwuchskr\u00e4ften sind die 16-j\u00e4hrige Diana Keller und der 29-j\u00e4hrige Simon Dagenbach. Was hat sie zu einer Ausbildung bei der Stadt<\/p>\n","protected":false},"excerpt":{"rendered":"Waiblingen. F\u00fcr acht junge Menschen hat am Dienstag, 1. September 2026, ein neuer Lebensabschnitt begonnen: Ihre Ausbildung bei&hellip;\n","protected":false},"author":2,"featured_media":1278026,"comment_status":"","ping_status":"","sticky":false,"template":"","format":"standard","meta":{"footnotes":"","_share_on_mastodon":"0"},"categories":[1830],"tags":[30837,1634,3364,29,263695,58811,30,3748,39434,263696,1441,192316,263697,9887],"class_list":["post-1278025","post","type-post","status-publish","format-standard","has-post-thumbnail","category-stuttgart","tag-azubis","tag-baden-wuerttemberg","tag-de","tag-deutschland","tag-diana-keller","tag-gaertner","tag-germany","tag-oberbuergermeister","tag-sebastian-wolf","tag-simon-dagenbach","tag-stuttgart","tag-un_sag-mir-deine-meinung","tag-verwaltungswirt","tag-waiblingen"],"share_on_mastodon":{"url":"https:\/\/pubeurope.com\/@de\/117207021931770386","error":""},"_links":{"self":[{"href":"https:\/\/www.europesays.com\/de\/wp-json\/wp\/v2\/posts\/1278025","targetHints":{"allow":["GET"]}}],"collection":[{"href":"https:\/\/www.europesays.com\/de\/wp-json\/wp\/v2\/posts"}],"about":[{"href":"https:\/\/www.europesays.com\/de\/wp-json\/wp\/v2\/types\/post"}],"author":[{"embeddable":true,"href":"https:\/\/www.europesays.com\/de\/wp-json\/wp\/v2\/users\/2"}],"replies":[{"embeddable":true,"href":"https:\/\/www.europesays.com\/de\/wp-json\/wp\/v2\/comments?post=1278025"}],"version-history":[{"count":0,"href":"https:\/\/www.europesays.com\/de\/wp-json\/wp\/v2\/posts\/1278025\/revisions"}],"wp:featuredmedia":[{"embeddable":true,"href":"https:\/\/www.europesays.com\/de\/wp-json\/wp\/v2\/media\/1278026"}],"wp:attachment":[{"href":"https:\/\/www.europesays.com\/de\/wp-json\/wp\/v2\/media?parent=1278025"}],"wp:term":[{"taxonomy":"category","embeddable":true,"href":"https:\/\/www.europesays.com\/de\/wp-json\/wp\/v2\/categories?post=1278025"},{"taxonomy":"post_tag","embeddable":true,"href":"https:\/\/www.europesays.com\/de\/wp-json\/wp\/v2\/tags?post=1278025"}],"curies":[{"name":"wp","href":"https:\/\/api.w.org\/{rel}","templated":true}]}}