{"id":1278027,"date":"2026-09-03T12:06:22","date_gmt":"2026-09-03T12:06:22","guid":{"rendered":"https:\/\/www.europesays.com\/de\/1278027\/"},"modified":"2026-09-03T12:06:22","modified_gmt":"2026-09-03T12:06:22","slug":"badredine-bouanani-verlaesst-den-vfb-stuttgart-wohl-doch-noch","status":"publish","type":"post","link":"https:\/\/www.europesays.com\/de\/1278027\/","title":{"rendered":"Badredine Bouanani verl\u00e4sst den VfB Stuttgart wohl doch noch"},"content":{"rendered":"<p>Badredine Bouanani steht kurz vor einem Wechsel vom VfB Stuttgart zu den Rangers nach Glasgow. Dies geht aus \u00fcbereinstimmenden Medienberichten hervor.<\/p>\n<p>Laut Sky Sports absolviert der 21-J\u00e4hrige bereits den Medizincheck in Schottland. F\u00fcr die Vereine dr\u00e4ngt die Zeit, da das dortige Transferfenster am Donnerstag um 18 Uhr deutscher Zeit schlie\u00dft.<\/p>\n<p><img loading=\"lazy\" decoding=\"async\" src=\"https:\/\/www.europesays.com\/de\/wp-content\/uploads\/2026\/09\/6028f09bfd8b4f57a568840e909f8f6c.gif\" width=\"1\" height=\"1\" alt=\"\" data-fco-pixel-tracker-url=\"https:\/\/www.europesays.com\/de\/wp-content\/uploads\/2026\/09\/6028f09bfd8b4f57a568840e909f8f6c.gif\" data-fco-pixel-tracker-type=\"vg-wort\"\/><\/p>\n<p>Nach Angaben des Bezahlsenders handelt es sich bei dem Gesch\u00e4ft zwischen den Schwaben und dem Klub aus der Scottish Premiership um eine Leihe mit anschlie\u00dfender Kaufoption. Bez\u00fcglich der genauen finanziellen Modalit\u00e4ten kursieren derzeit noch leicht abweichende Zahlen. <\/p>\n<p>W\u00e4hrend die Bild von einer festgeschriebenen Kaufoption in H\u00f6he von 18 Millionen Euro berichtet, nennt der kicker genauer aufgeschl\u00fcsselte Details: Dem Fachmagazin zufolge \u00fcberweisen die Schotten eine Leihgeb\u00fchr von rund 500.000 Euro an den VfB und sicherten sich eine Kaufoption, die bei etwa 19 Millionen Euro liegt.<\/p>\n<p>Damit findet eine mehrt\u00e4gige Wechselsaga auf den letzten Dr\u00fccker ihr Ende. Bouanani sa\u00df bereits am Dienstag auf gepackten Koffern, da ein Engagement in der Bundesliga im Raum stand. <\/p>\n<p><img class=\"fco-image__image\" alt=\"VfB Stuttgart v Everton - Pre-Season Friendly\"   loading=\"lazy\" decoding=\"async\" fetchpriority=\"auto\" width=\"5004\" height=\"3336\" src=\"https:\/\/www.europesays.com\/de\/wp-content\/uploads\/2026\/09\/GettyImages-2289611938.jpg\" style=\"aspect-ratio:5004 \/ 3336;width:100%;height:100%\"\/>Getty ImagesWer aus der Bundesliga war noch an Stuttgarts Badredine Bouanani interessiert? <\/p>\n<p>Der SV Werder Bremen verhandelte intensiv mit der Stuttgarter Vereinsf\u00fchrung \u00fcber eine Last-minute-Leihe, um den Kader in der Offensive kurzfristig zu verst\u00e4rken. Eine Einigung kam zwischen den Parteien jedoch nicht mehr zustande.<\/p>\n<p>Neben den Werderanern zeigten in den vergangenen Tagen noch weitere Vereine Interesse an der Verpflichtung des Fl\u00fcgelspielers. So besch\u00e4ftigten sich auch der FC Schalke 04 sowie der franz\u00f6sische Erstligist Racing Stra\u00dfburg mit Bouanani.<\/p>\n<p>Der f\u00fcnfmalige Nationalspieler, der in Stuttgart noch einen Vertrag bis 2023 besa\u00df, wechselte erst im vergangenen Sommer an den Neckar. Damals \u00fcberwiesen die Schwaben 15 Millionen Euro Abl\u00f6se an OGC Nizza. Bouanani kam beim VfB zu 28 Pflichtspieleins\u00e4tzen, in denen ihm zwei Tore sowie zwei Vorlagen gelangen. Allerdings spielte er nur 1002 Minuten und stand lediglich elfmal in der Startelf von Trainer Sebastian Hoene\u00df.<\/p>\n","protected":false},"excerpt":{"rendered":"Badredine Bouanani steht kurz vor einem Wechsel vom VfB Stuttgart zu den Rangers nach Glasgow. Dies geht aus&hellip;\n","protected":false},"author":2,"featured_media":1278028,"comment_status":"","ping_status":"","sticky":false,"template":"","format":"standard","meta":{"footnotes":"","_share_on_mastodon":"0"},"categories":[1830],"tags":[191301,1634,299,3364,29,347,30,63615,4604,1441,1288,2915],"class_list":["post-1278027","post","type-post","status-publish","format-standard","has-post-thumbnail","category-stuttgart","tag-b-bouanani","tag-baden-wuerttemberg","tag-bundesliga","tag-de","tag-deutschland","tag-fussball","tag-germany","tag-rangers","tag-soccer","tag-stuttgart","tag-transfers","tag-vfb-stuttgart"],"share_on_mastodon":{"url":"https:\/\/pubeurope.com\/@de\/117207028866678972","error":""},"_links":{"self":[{"href":"https:\/\/www.europesays.com\/de\/wp-json\/wp\/v2\/posts\/1278027","targetHints":{"allow":["GET"]}}],"collection":[{"href":"https:\/\/www.europesays.com\/de\/wp-json\/wp\/v2\/posts"}],"about":[{"href":"https:\/\/www.europesays.com\/de\/wp-json\/wp\/v2\/types\/post"}],"author":[{"embeddable":true,"href":"https:\/\/www.europesays.com\/de\/wp-json\/wp\/v2\/users\/2"}],"replies":[{"embeddable":true,"href":"https:\/\/www.europesays.com\/de\/wp-json\/wp\/v2\/comments?post=1278027"}],"version-history":[{"count":0,"href":"https:\/\/www.europesays.com\/de\/wp-json\/wp\/v2\/posts\/1278027\/revisions"}],"wp:featuredmedia":[{"embeddable":true,"href":"https:\/\/www.europesays.com\/de\/wp-json\/wp\/v2\/media\/1278028"}],"wp:attachment":[{"href":"https:\/\/www.europesays.com\/de\/wp-json\/wp\/v2\/media?parent=1278027"}],"wp:term":[{"taxonomy":"category","embeddable":true,"href":"https:\/\/www.europesays.com\/de\/wp-json\/wp\/v2\/categories?post=1278027"},{"taxonomy":"post_tag","embeddable":true,"href":"https:\/\/www.europesays.com\/de\/wp-json\/wp\/v2\/tags?post=1278027"}],"curies":[{"name":"wp","href":"https:\/\/api.w.org\/{rel}","templated":true}]}}