{"id":1278033,"date":"2026-09-03T12:09:15","date_gmt":"2026-09-03T12:09:15","guid":{"rendered":"https:\/\/www.europesays.com\/de\/1278033\/"},"modified":"2026-09-03T12:09:15","modified_gmt":"2026-09-03T12:09:15","slug":"pol-k-260903-1-k-bn-blockadeaktionen-in-koeln-und-bonn-polizei-loest-versammlung-in","status":"publish","type":"post","link":"https:\/\/www.europesays.com\/de\/1278033\/","title":{"rendered":"POL-K: 260903-1-K\/BN Blockadeaktionen in K\u00f6ln und Bonn &#8211; Polizei l\u00f6st Versammlung in &#8230;"},"content":{"rendered":"<p class=\"date\">03.09.2026 \u2013 13:06<\/p>\n<p class=\"customer\">\n                        <a class=\"story-customer\" title=\"weiter zum newsroom von Polizei K\u00f6ln\" href=\"https:\/\/www.presseportal.de\/blaulicht\/nr\/12415\" rel=\"nofollow noopener\" target=\"_blank\">Polizei K\u00f6ln<\/a>\n                    <\/p>\n<p><a data-category=\"citylink-story-view\" data-action=\"click\" data-label=\"Citylink in Meldungsansicht\" class=\"story-city event-trigger\" href=\"https:\/\/www.presseportal.de\/regional\/K%F6ln\" title=\"News aus K\u00f6ln \" rel=\"nofollow noopener\" target=\"_blank\">K\u00f6ln<\/a> (ots)<\/p>\n<p>Am Donnerstagmorgen (3. September) hat die Polizei K\u00f6ln in Longerich eine nicht angezeigte Versammlung mit mehr als 140 Teilnehmenden wegen Verst\u00f6\u00dfen gegen das Versammlungsgesetz aufgel\u00f6st.<\/p>\n<p>Die zum Teil vermummten Personen hatten zuvor die Zufahrt zu einer Bundeswehrliegenschaft an der Milit\u00e4rringstra\u00dfe blockiert. Da die Teilnehmenden trotz mehrfacher Aufforderung, ihre Vermummung nicht ablegten und keine Versammlungsleitung erkennbar war, begannen die Einsatzkr\u00e4fte die Versammlung gegen 11 Uhr aufzul\u00f6sen.<\/p>\n<p>Die Funktions- und Dienstf\u00e4higkeit der Kaserne wurde durch die Blockade nicht beeintr\u00e4chtigt.<\/p>\n<p>Die Polizei leitet Strafverfahren wegen Verst\u00f6\u00dfen gegen das Versammlungsgesetz ein. Die Teilnehmer der Blockadeaktion erhielten Platzverweise. Die Identit\u00e4tsfeststellungen der teilnehmenden Personen dauern derzeit noch an.<\/p>\n<p>Seit 11:40 Uhr ist die Polizei zudem in Bonn im Bereich des Gewerbegebietes Beuel-Ost im Einsatz. Die Pf\u00f6rtnerin eines betroffenen Firmengel\u00e4ndes an der P\u00fctzchens Chaussee hatte mehrere Personen im Bereich der Werkszufahrt gemeldet, die sich dort auf der Fahrbahn festgeklebt haben. Die Aktion wird aus Sicht der Polizei ebenfalls als Versammlung bewertet.<br \/>\nAktuell kommt es im Nahbereich der P\u00fctzchens Chaussee zu Verkehrsbeeintr\u00e4chtigungen. Die polizeilichen Ma\u00dfnahmen dauern auch hier an. (al\/de)<\/p>\n<p class=\"contact-headline\">R\u00fcckfragen von Medienvertretern bitte an:<\/p>\n<p class=\"contact-text\">Polizeipr\u00e4sidium K\u00f6ln<br \/>Pressestelle<br \/>Walter-Pauli-Ring 2-6<br \/>51103 K\u00f6ln<\/p>\n<p>Telefon: 0221\/229 5555<br \/>e-Mail:   pressestelle.koeln(at)polizei.nrw.de<\/p>\n<p><a target=\"_blank\" class=\"uri-ext outbound\" rel=\"noopener nofollow\" href=\"https:\/\/koeln.polizei.nrw\">https:\/\/koeln.polizei.nrw<\/a><\/p>\n<p class=\"originator\">Original-Content von: Polizei K\u00f6ln, \u00fcbermittelt durch news aktuell<\/p>\n","protected":false},"excerpt":{"rendered":"03.09.2026 \u2013 13:06 Polizei K\u00f6ln K\u00f6ln (ots) Am Donnerstagmorgen (3. September) hat die Polizei K\u00f6ln in Longerich eine&hellip;\n","protected":false},"author":2,"featured_media":1266941,"comment_status":"","ping_status":"","sticky":false,"template":"","format":"standard","meta":{"footnotes":"","_share_on_mastodon":"0"},"categories":[1828],"tags":[29,30,1420,177,1209,176,121,178,180,179,181],"class_list":["post-1278033","post","type-post","status-publish","format-standard","has-post-thumbnail","category-koeln","tag-deutschland","tag-germany","tag-koeln","tag-kriminalitt","tag-nordrhein-westfalen","tag-nrw","tag-polizei","tag-presse","tag-pressemeldung","tag-pressemitteilung","tag-pressemitteilungen"],"share_on_mastodon":{"url":"https:\/\/pubeurope.com\/@de\/117207037781995216","error":""},"_links":{"self":[{"href":"https:\/\/www.europesays.com\/de\/wp-json\/wp\/v2\/posts\/1278033","targetHints":{"allow":["GET"]}}],"collection":[{"href":"https:\/\/www.europesays.com\/de\/wp-json\/wp\/v2\/posts"}],"about":[{"href":"https:\/\/www.europesays.com\/de\/wp-json\/wp\/v2\/types\/post"}],"author":[{"embeddable":true,"href":"https:\/\/www.europesays.com\/de\/wp-json\/wp\/v2\/users\/2"}],"replies":[{"embeddable":true,"href":"https:\/\/www.europesays.com\/de\/wp-json\/wp\/v2\/comments?post=1278033"}],"version-history":[{"count":0,"href":"https:\/\/www.europesays.com\/de\/wp-json\/wp\/v2\/posts\/1278033\/revisions"}],"wp:featuredmedia":[{"embeddable":true,"href":"https:\/\/www.europesays.com\/de\/wp-json\/wp\/v2\/media\/1266941"}],"wp:attachment":[{"href":"https:\/\/www.europesays.com\/de\/wp-json\/wp\/v2\/media?parent=1278033"}],"wp:term":[{"taxonomy":"category","embeddable":true,"href":"https:\/\/www.europesays.com\/de\/wp-json\/wp\/v2\/categories?post=1278033"},{"taxonomy":"post_tag","embeddable":true,"href":"https:\/\/www.europesays.com\/de\/wp-json\/wp\/v2\/tags?post=1278033"}],"curies":[{"name":"wp","href":"https:\/\/api.w.org\/{rel}","templated":true}]}}