{"id":1278036,"date":"2026-09-03T12:11:23","date_gmt":"2026-09-03T12:11:23","guid":{"rendered":"https:\/\/www.europesays.com\/de\/1278036\/"},"modified":"2026-09-03T12:11:23","modified_gmt":"2026-09-03T12:11:23","slug":"muenchen-mutmasslicher-brandanschlag-auf-ruestungsfirmen-scheitert-zwei-verdaechtige-festgenommen-muenchen","status":"publish","type":"post","link":"https:\/\/www.europesays.com\/de\/1278036\/","title":{"rendered":"M\u00fcnchen: Mutma\u00dflicher Brandanschlag auf R\u00fcstungsfirmen scheitert &#8211; zwei Verd\u00e4chtige festgenommen &#8211; M\u00fcnchen"},"content":{"rendered":"<p data-manual=\"paragraph\" data-schema-org-speakable=\"true\" class=\"css-1eosz7k\">In der Nacht von Mittwoch auf Donnerstag ist in <a href=\"https:\/\/www.sueddeutsche.de\/thema\/M%C3%BCnchen\" rel=\"nofollow noopener\" target=\"_blank\">M\u00fcnchen<\/a> ein mutma\u00dflicher Brandanschlag auf M\u00fcnchner R\u00fcstungsunternehmen gescheitert. Das Bayerische Landeskriminalamt (BLKA) hat die Ermittlungen \u00fcbernommen und pr\u00fcft vor allem einen politischen Hintergrund.<\/p>\n<p data-manual=\"paragraph\" data-schema-org-speakable=\"true\" class=\"css-1eosz7k\">Passanten hatten gegen Mitternacht die Polizei alarmiert, dass in der M\u00fchldorfstra\u00dfe im Stadtteil <a href=\"https:\/\/www.sueddeutsche.de\/thema\/Berg_am_Laim\" rel=\"nofollow noopener\" target=\"_blank\">Berg am Laim<\/a> mehrere Brands\u00e4tze aus einem Auto geworfen worden seien. Dort sind unter anderem <a href=\"https:\/\/www.sueddeutsche.de\/muenchen\/muenchen-anschlag-ruestungsfirmen-helsing-rohde-schwarz-li.3541658\" rel=\"nofollow noopener\" target=\"_blank\">die R\u00fcstungsfirmen Rohde &amp; Schwarz sowie Helsing<\/a> ans\u00e4ssig. Wem genau der Anschlag gegolten habe, ob nur einem dieser Unternehmen oder beiden, lasse sich aktuell nicht mit Sicherheit sagen, hei\u00dft es aus informierten Kreisen.<\/p>\n<p data-manual=\"paragraph\" data-schema-org-speakable=\"true\" class=\"css-1eosz7k\">Nach Angaben der M\u00fcnchner Polizei hat einer der Brands\u00e4tze ein Feuer ausgel\u00f6st, das jedoch von eintreffenden Beamten gel\u00f6scht werden konnte. Ein weiterer Brandsatz habe nicht gez\u00fcndet und sei sp\u00e4ter von Spezialisten des BLKA entsch\u00e4rft worden, wie ein Sprecher der Beh\u00f6rde der SZ best\u00e4tigte.<\/p>\n<p data-manual=\"paragraph\" data-schema-org-speakable=\"true\" class=\"css-1eosz7k\">Ob weitere Brands\u00e4tze gefunden wurden, ist unklar; ebenso um welche Art von Brands\u00e4tzen es sich gehandelt hat. N\u00e4here Angaben dazu machte der BLKA-Sprecher nicht; SZ-Informationen zufolge soll es sich aber nicht um vergleichsweise simple Molotow-Cocktails gehandelt haben. <a href=\"https:\/\/www.sueddeutsche.de\/bayern\/augsburg-hauptbahnhof-explosion-li.3540987\" rel=\"nofollow noopener\" target=\"_blank\">Auch eine Handgranate, wie sie nach unbest\u00e4tigten Meldungen in der Nacht auf Mittwoch am Augsburger Hauptbahnhof detoniert sein soll, wurde eher ausgeschlossen<\/a>.<\/p>\n<p data-manual=\"paragraph\" data-schema-org-speakable=\"true\" class=\"css-1eosz7k\">F\u00fcr die Entsch\u00e4rfung des Brandsatzes wurde die Gegend um die Fundstelle weitr\u00e4umig abgesperrt. Verletzt wurde niemand bei dem Anschlagsversuch, hei\u00dft es.<\/p>\n<p data-manual=\"paragraph\" data-schema-org-speakable=\"true\" class=\"css-1eosz7k\">Im Rahmen einer sofort eingeleiteten Fahndung sind an einer nahegelegenen Esso-Tankstelle am Innsbrucker Ring zwei Tatverd\u00e4chtige festgenommen worden, eine 28 Jahre alte Frau und ein 38 Jahre alter Mann, beide mit bulgarischer Staatsangeh\u00f6rigkeit. Ob und inwieweit sie mit dem Anschlag zu tun haben, ist Teil der Ermittlungen; bislang h\u00e4tten sie sich nicht ge\u00e4u\u00dfert, hei\u00dft es.<\/p>\n<p><img decoding=\"async\" src=\"https:\/\/www.europesays.com\/de\/wp-content\/uploads\/2026\/09\/3422ed29-8ba3-4fe2-8fd0-b91c8e91825a.jpg\"   alt=\"Die Polizei ist am Tatort auch mit Sp\u00fcrhunden unterwegs.\" loading=\"lazy\" class=\"css-8atqhb\"\/><\/p>\n<p>Die Polizei ist am Tatort auch mit Sp\u00fcrhunden unterwegs.<\/p>\n<p>Foto: Robert Haas<\/p>\n<p data-manual=\"paragraph\" data-schema-org-speakable=\"true\" class=\"css-1eosz7k\"><a href=\"https:\/\/www.br.de\/nachrichten\/bayern\/brandattacke-bei-rohde-and-schwarz-in-muenchen-was-bisher-bekannt-ist,VU8u2H3\" target=\"_blank\" rel=\"nofollow noopener\">Einer Meldung des Bayerischen Rundfunks zufolge<\/a> sind die Brands\u00e4tze auf eine Baustelle vor der Firmenzentrale von Rohde &amp; Schwarz geworfen worden. Dass dieser Technologiekonzern das Ziel des Anschlags gewesen sein soll, best\u00e4tigte ein BLKA-Sprecher allerdings nicht. Er wies darauf hin, dass in unmittelbarer N\u00e4he weitere R\u00fcstungsunternehmen ans\u00e4ssig seien. Der\u00a0Hauptsitz von Helsing befindet sich beispielsweise schr\u00e4g gegen\u00fcber auf der anderen Stra\u00dfenseite, weshalb nicht auszuschlie\u00dfen sei, dass auch dieses Unternehmen getroffen werden sollte.<\/p>\n<p data-manual=\"paragraph\" data-schema-org-speakable=\"true\" class=\"css-1eosz7k\">Von Helsing war auf Anfrage keine offizielle Stellungnahme zu dem n\u00e4chtlichen Anschlag zu erhalten. Eine Sprecherin von Rohde &amp; Schwarz best\u00e4tigte lediglich, es sei \u201ein der vergangenen Nacht (\u2026) zu einem Polizei- und Feuerwehreinsatz im Umfeld unseres Betriebsgel\u00e4ndes M\u00fcnchen\u201c gekommen. Das Betriebsgel\u00e4nde selbst sei jedoch nicht betroffen. Dar\u00fcber hinaus wolle sich der Konzern \u201ezum aktuellen Zeitpunkt nicht \u00f6ffentlich \u00e4u\u00dfern\u201c.<\/p>\n<p data-manual=\"paragraph\" data-schema-org-speakable=\"true\" class=\"css-1eosz7k\">Der Konzern Rohde &amp; Schwarz entwickelt und produziert unter anderem Funk- und Fernmeldesysteme f\u00fcr Regierungs- und Sicherheitsbeh\u00f6rden sowie die Bundeswehr. Das 2021 gegr\u00fcndete <a href=\"https:\/\/www.sueddeutsche.de\/wirtschaft\/helsing-muenchen-milliarden-euro-finanzierung-li.3515078\" rel=\"nofollow noopener\" target=\"_blank\">Start-up Helsing ist vor allem in der Drohnenproduktion t\u00e4tig<\/a> und wirbt explizit mit Verteidigungskonzepten \u201ezum Schutz unserer Demokratie\u201c.<\/p>\n<p data-manual=\"paragraph\" data-schema-org-speakable=\"true\" class=\"css-1eosz7k\">Seit Beginn des russischen Angriffskriegs auf die Urkaine sind die hiesigen R\u00fcstungsunternehmen verst\u00e4rkt in das Interesse feindlicher M\u00e4chte ger\u00fcckt. Zuletzt hatte das Bundesamt f\u00fcr Verfassungsschutz (BfV) Ende Juli einen Sicherheitshinweis an entsprechende Unternehmen verschickt und vor Spionage- sowie Sabotagema\u00dfnahmen in russischem Auftrag gewarnt.<\/p>\n<p data-manual=\"paragraph\" data-schema-org-speakable=\"true\" class=\"css-1eosz7k\">Rohde &amp; Schwarz war allerdings schon vorher in den Fokus militanter Gegner geraten.\u00a0<a href=\"https:\/\/www.sueddeutsche.de\/muenchen\/muenchen-stromausfall-polizei-bekennerschreiben-brandanschlag-1.5300516\" rel=\"nofollow noopener\" target=\"_blank\">Nach einem Anschlag auf das Stromnetz im M\u00fcnchner Osten im Mai 2021 war Rohde &amp; Schwarz in einem Bekennerschreiben auf einer von Linksradikalen genutzten Medienplattform ausdr\u00fccklich als Ziel der Aktion genannt worden.<\/a> Die Echtheit des Schreibens wurde allerdings bislang nicht von den Sicherheitsbeh\u00f6rden best\u00e4tigt.<\/p>\n<p data-manual=\"paragraph\" data-schema-org-speakable=\"true\" class=\"css-1eosz7k\">Die damalige Brandstiftung in einer Baugrube wird zu einer Serie von etwa 50 Anschl\u00e4gen gerechnet, die es in den vergangenen Jahren auf Einrichtungen der kritischen Infrastruktur in und um M\u00fcnchen gegeben hat. Diese waren zun\u00e4chst eher einer linksradikalen Szene zugeordnet worden; inzwischen werden aber auch russische Geheimdienste als Anstifter nicht mehr ausgeschlossen.<\/p>\n","protected":false},"excerpt":{"rendered":"In der Nacht von Mittwoch auf Donnerstag ist in M\u00fcnchen ein mutma\u00dflicher Brandanschlag auf M\u00fcnchner R\u00fcstungsunternehmen gescheitert. Das&hellip;\n","protected":false},"author":2,"featured_media":1278037,"comment_status":"","ping_status":"","sticky":false,"template":"","format":"standard","meta":{"footnotes":"","_share_on_mastodon":"0"},"categories":[1827],"tags":[84756,772,6535,29,30,1268,2813,2339,11336,3093,747,6473,149,14831],"class_list":["post-1278036","post","type-post","status-publish","format-standard","has-post-thumbnail","category-muenchen","tag-bayerisches-landeskriminalamt","tag-bayern","tag-berg-am-laim","tag-deutschland","tag-germany","tag-muenchen","tag-muenchen-stadtteile","tag-oberbayern","tag-polizei-und-feuerwehr-in-bayern","tag-polizei-und-feuerwehr-in-muenchen","tag-ruestungsindustrie","tag-sicherheitspolitik","tag-sueddeutsche-zeitung","tag-terrorverdacht"],"share_on_mastodon":{"url":"https:\/\/pubeurope.com\/@de\/117207047410301020","error":""},"_links":{"self":[{"href":"https:\/\/www.europesays.com\/de\/wp-json\/wp\/v2\/posts\/1278036","targetHints":{"allow":["GET"]}}],"collection":[{"href":"https:\/\/www.europesays.com\/de\/wp-json\/wp\/v2\/posts"}],"about":[{"href":"https:\/\/www.europesays.com\/de\/wp-json\/wp\/v2\/types\/post"}],"author":[{"embeddable":true,"href":"https:\/\/www.europesays.com\/de\/wp-json\/wp\/v2\/users\/2"}],"replies":[{"embeddable":true,"href":"https:\/\/www.europesays.com\/de\/wp-json\/wp\/v2\/comments?post=1278036"}],"version-history":[{"count":0,"href":"https:\/\/www.europesays.com\/de\/wp-json\/wp\/v2\/posts\/1278036\/revisions"}],"wp:featuredmedia":[{"embeddable":true,"href":"https:\/\/www.europesays.com\/de\/wp-json\/wp\/v2\/media\/1278037"}],"wp:attachment":[{"href":"https:\/\/www.europesays.com\/de\/wp-json\/wp\/v2\/media?parent=1278036"}],"wp:term":[{"taxonomy":"category","embeddable":true,"href":"https:\/\/www.europesays.com\/de\/wp-json\/wp\/v2\/categories?post=1278036"},{"taxonomy":"post_tag","embeddable":true,"href":"https:\/\/www.europesays.com\/de\/wp-json\/wp\/v2\/tags?post=1278036"}],"curies":[{"name":"wp","href":"https:\/\/api.w.org\/{rel}","templated":true}]}}